{"id":96652,"date":"2018-12-20T10:01:59","date_gmt":"2018-12-20T08:01:59","guid":{"rendered":"https:\/\/www.sana.sy\/es\/?p=96652"},"modified":"2023-01-10T15:16:08","modified_gmt":"2023-01-10T13:16:08","slug":"camara-de-comercio-de-damasco-se-reune-con-una-delegacion-francesa","status":"publish","type":"post","link":"https:\/\/archive.sana.sy\/es\/?p=96652","title":{"rendered":"Delegaci\u00f3n francesa llama desde Damasco a levantar las sanciones europeas impuestas a Siria"},"content":{"rendered":"<p style=\"text-align: justify;\"><span style=\"color: #800000;\">Damasco, SANA<\/span><\/p>\n<p style=\"text-align: justify;\">Las formas de reactivar las relaciones comerciales y econ\u00f3micas entre Siria y Francia, han constituido el tema principal del encuentro sostenido en la capital Damasco entre los miembros de la Junta Administrativa de la C\u00e1mara de Comercio de Damasco y varios empresarios sirios con el ex parlamentario franc\u00e9s Thierry Mariani y la delegaci\u00f3n que le acompa\u00f1a.<\/p>\n<p style=\"text-align: justify;\">El presidente de la C\u00e1mara de Comercio de Damasco, Ghassan Al-Qalaa, dijo que &#8220;Francia deber\u00eda corregir su visi\u00f3n respecto a Siria&#8221; y destac\u00f3 el papel que podr\u00edan jugar los empresarios franceses en corregir el enfoque adoptado por el gobierno de su pa\u00eds hacia Siria, lo cual seg\u00fan Al-Qalaa, contribuir\u00eda al resurgimiento de las relaciones econ\u00f3micas y comerciales a trav\u00e9s de asociaciones entre los empresarios de ambos pa\u00edses.<\/p>\n<p style=\"text-align: justify;\">A su vez, el Secretario de la C\u00e1mara de Comercio de Damasco, Mohammed Hamsho, subray\u00f3 que hay muchas empresas europeas que desean trabajar en Siria.<\/p>\n<p style=\"text-align: justify;\">&#8220;El gobierno franc\u00e9s apoy\u00f3 el terrorismo en Siria y ahora debe mostrar buenas intenciones para restablecer las relaciones a nivel de las empresas y contribuir al levantamiento de medidas coercitivas unilaterales impuestas a Siria&#8221;, acot\u00f3.<\/p>\n<p style=\"text-align: justify;\">Por su parte, el jefe de la delegaci\u00f3n francesa expres\u00f3 que la mayor\u00eda de los franceses quieren restablecer las relaciones entre los dos pa\u00edses y llam\u00f3 a crear una asociaci\u00f3n sirio-francesa para restablecer las relaciones econ\u00f3micas.<\/p>\n<p style=\"text-align: justify;\">&#8220;El mundo debe conocer la victoria pol\u00edtica, cultural e intelectual de Siria&#8221;, agreg\u00f3.<\/p>\n<p style=\"text-align: justify;\">El ex-diputado franc\u00e9s indic\u00f3 que Siria ha comenzado la fase de reconstrucci\u00f3n, especialmente con la instauraci\u00f3n de la seguridad y la estabilidad en muchas zonas.<\/p>\n<p style=\"text-align: justify;\">Sobre el tema de las medidas coercitivas econ\u00f3micas unilaterales impuestas contra el pueblo sirio por parte de Occidente y la Uni\u00f3n Europea, Mariani llam\u00f3 a levantar esas sanciones y revel\u00f3 que: &#8220;La postura respecto a esas sanciones en el parlamento, en los medios de comunicaci\u00f3n y en la opini\u00f3n p\u00fablica no est\u00e1 unificada&#8221;.<\/p>\n<p style=\"text-align: justify;\"><span style=\"color: #0000ff;\">Lynn A.\/ F. Marouf\/ E. D<\/span><\/p>\n","protected":false},"excerpt":{"rendered":"<p>Damasco, SANA Las formas de reactivar las relaciones comerciales y econ\u00f3micas entre Siria y Francia, han constituido el tema principal del encuentro sostenido en la capital Damasco entre los miembros de la Junta Administrativa de la C\u00e1mara de Comercio de Damasco y varios empresarios sirios con el ex parlamentario franc\u00e9s Thierry Mariani y la delegaci\u00f3n &hellip;<\/p>\n","protected":false},"author":24,"featured_media":96653,"comment_status":"closed","ping_status":"closed","sticky":false,"template":"","format":"standard","meta":{"footnotes":""},"categories":[485,7541],"tags":[13757],"class_list":["post-96652","post","type-post","status-publish","format-standard","has-post-thumbnail","","category-informes-negocios-y-finanzas","category-ultimas-noticias","tag-delegacion-francesa-llama-desde-damasco-a-levantar-las-sanciones-europeas-impuestas-a-siria"],"_links":{"self":[{"href":"https:\/\/archive.sana.sy\/es\/index.php?rest_route=\/wp\/v2\/posts\/96652"}],"collection":[{"href":"https:\/\/archive.sana.sy\/es\/index.php?rest_route=\/wp\/v2\/posts"}],"about":[{"href":"https:\/\/archive.sana.sy\/es\/index.php?rest_route=\/wp\/v2\/types\/post"}],"author":[{"embeddable":true,"href":"https:\/\/archive.sana.sy\/es\/index.php?rest_route=\/wp\/v2\/users\/24"}],"replies":[{"embeddable":true,"href":"https:\/\/archive.sana.sy\/es\/index.php?rest_route=%2Fwp%2Fv2%2Fcomments&post=96652"}],"version-history":[{"count":0,"href":"https:\/\/archive.sana.sy\/es\/index.php?rest_route=\/wp\/v2\/posts\/96652\/revisions"}],"wp:featuredmedia":[{"embeddable":true,"href":"https:\/\/archive.sana.sy\/es\/index.php?rest_route=\/wp\/v2\/media\/96653"}],"wp:attachment":[{"href":"https:\/\/archive.sana.sy\/es\/index.php?rest_route=%2Fwp%2Fv2%2Fmedia&parent=96652"}],"wp:term":[{"taxonomy":"category","embeddable":true,"href":"https:\/\/archive.sana.sy\/es\/index.php?rest_route=%2Fwp%2Fv2%2Fcategories&post=96652"},{"taxonomy":"post_tag","embeddable":true,"href":"https:\/\/archive.sana.sy\/es\/index.php?rest_route=%2Fwp%2Fv2%2Ftags&post=96652"}],"curies":[{"name":"wp","href":"https:\/\/api.w.org\/{rel}","templated":true}]}}