{"id":96680,"date":"2018-12-20T10:48:10","date_gmt":"2018-12-20T08:48:10","guid":{"rendered":"https:\/\/www.sana.sy\/es\/?p=96680"},"modified":"2023-01-10T15:10:12","modified_gmt":"2023-01-10T13:10:12","slug":"mas-de-480-fabricas-vuelven-a-producir-en-el-poligono-de-sheikh-najjar-en-alepo","status":"publish","type":"post","link":"https:\/\/archive.sana.sy\/es\/?p=96680","title":{"rendered":"M\u00e1s de 480 f\u00e1bricas vuelven a producir en el pol\u00edgono de Sheikh Najjar en Alepo"},"content":{"rendered":"<p style=\"text-align: justify;\"><span style=\"color: #800000;\">Alepo, SANA<\/span><\/p>\n<p style=\"text-align: justify;\">La ciudad industrial de Sheik Najjar en la provincia de Alepo se recupera gradualmente de la gran destrucci\u00f3n causada por el terrorismo y de los actos de robo y saqueo que sufrieron sus instalaciones durante los a\u00f1os de su ocupaci\u00f3n por los grupos terroristas.<\/p>\n<p style=\"text-align: justify;\">El director general de la ciudad industrial, Hazem Ajan, revel\u00f3 en declaraciones a SANA, que &#8220;tras restablecer los servicios de electricidad y agua, aument\u00f3 el n\u00famero de f\u00e1bricas productoras de 50 en 2016 a 530 f\u00e1bricas en noviembre de este a\u00f1os&#8221;, y agreg\u00f3 adem\u00e1s que &#8220;los proyectos de servicio empleados en la ciudad aument\u00f3 de cinco proyectos en 2016 a 75 en noviembre del 2018&#8221;.<\/p>\n<p style=\"text-align: justify;\">Ajan explic\u00f3 que los ataques sistem\u00e1ticos contra el pol\u00edgono por parte de las organizaciones terroristas causaron la destrucci\u00f3n de casi toda la infraestructura mientras fueron robadas y saqueadas muchas instalaciones industriales.<\/p>\n<p style=\"text-align: justify;\">&#8220;A consecuencia del terrorismo m\u00e1s de 1000 f\u00e1bricas dejaron de producir, mientras fueron destruidas por completo 101 transformadores de electricidad y cinco plantas de bombeo de agua&#8221;, detall\u00f3.<\/p>\n<p style=\"text-align: justify;\">Asimismo, asegur\u00f3 que la ciudad industrial ha comenzado a recuperarse a partir del a\u00f1o 2014, fecha de la liberaci\u00f3n del pol\u00edgono de los grupos terroristas.<\/p>\n<p style=\"text-align: justify;\">&#8220;El n\u00famero de f\u00e1bricas que producen en la ciudad hoy en d\u00eda supera las 530 y abracan todo tipo de industrias como la textil, la qu\u00edmica, la alimentaria y la ingenieril&#8221;, precis\u00f3.<\/p>\n<p style=\"text-align: justify;\">Por \u00faltimo, dio a conocer que el n\u00famero de obreros en la ciudad supera los 15.000 y hay m\u00e1s de 5000 constructores y t\u00e9cnicos que laboran actualmente en la reconstrucci\u00f3n de las instalaciones da\u00f1adas por el terrorismo.<\/p>\n<p style=\"text-align: justify;\"><span style=\"color: #0000ff;\">F. Marouf\/ E. Dubian<\/span><\/p>\n","protected":false},"excerpt":{"rendered":"<p>Alepo, SANA La ciudad industrial de Sheik Najjar en la provincia de Alepo se recupera gradualmente de la gran destrucci\u00f3n causada por el terrorismo y de los actos de robo y saqueo que sufrieron sus instalaciones durante los a\u00f1os de su ocupaci\u00f3n por los grupos terroristas. El director general de la ciudad industrial, Hazem Ajan, &hellip;<\/p>\n","protected":false},"author":1,"featured_media":96675,"comment_status":"closed","ping_status":"closed","sticky":false,"template":"","format":"standard","meta":{"footnotes":""},"categories":[597,485,476,583],"tags":[13758],"class_list":["post-96680","post","type-post","status-publish","format-standard","has-post-thumbnail","","category-cinta-de-noticias","category-informes-negocios-y-finanzas","category-locales","category-slide","tag-mas-de-480-fabricas-vuelven-a-producir-en-el-poligono-de-sheikh-najjar-en-alepo"],"_links":{"self":[{"href":"https:\/\/archive.sana.sy\/es\/index.php?rest_route=\/wp\/v2\/posts\/96680"}],"collection":[{"href":"https:\/\/archive.sana.sy\/es\/index.php?rest_route=\/wp\/v2\/posts"}],"about":[{"href":"https:\/\/archive.sana.sy\/es\/index.php?rest_route=\/wp\/v2\/types\/post"}],"author":[{"embeddable":true,"href":"https:\/\/archive.sana.sy\/es\/index.php?rest_route=\/wp\/v2\/users\/1"}],"replies":[{"embeddable":true,"href":"https:\/\/archive.sana.sy\/es\/index.php?rest_route=%2Fwp%2Fv2%2Fcomments&post=96680"}],"version-history":[{"count":0,"href":"https:\/\/archive.sana.sy\/es\/index.php?rest_route=\/wp\/v2\/posts\/96680\/revisions"}],"wp:featuredmedia":[{"embeddable":true,"href":"https:\/\/archive.sana.sy\/es\/index.php?rest_route=\/wp\/v2\/media\/96675"}],"wp:attachment":[{"href":"https:\/\/archive.sana.sy\/es\/index.php?rest_route=%2Fwp%2Fv2%2Fmedia&parent=96680"}],"wp:term":[{"taxonomy":"category","embeddable":true,"href":"https:\/\/archive.sana.sy\/es\/index.php?rest_route=%2Fwp%2Fv2%2Fcategories&post=96680"},{"taxonomy":"post_tag","embeddable":true,"href":"https:\/\/archive.sana.sy\/es\/index.php?rest_route=%2Fwp%2Fv2%2Ftags&post=96680"}],"curies":[{"name":"wp","href":"https:\/\/api.w.org\/{rel}","templated":true}]}}