{"id":97211,"date":"2018-12-26T19:20:16","date_gmt":"2018-12-26T17:20:16","guid":{"rendered":"https:\/\/www.sana.sy\/es\/?p=97211"},"modified":"2018-12-26T19:27:03","modified_gmt":"2018-12-26T17:27:03","slug":"nuevos-grupos-de-desplazados-sirios-retornan-de-jordania-a-la-patria","status":"publish","type":"post","link":"https:\/\/archive.sana.sy\/es\/?p=97211","title":{"rendered":"Nuevo grupo de desplazados sirios retornan de Jordania a la Patria"},"content":{"rendered":"<p style=\"text-align: justify\"><span style=\"color: #800000\">Deraa, SANA<\/span><\/p>\n<p style=\"text-align: justify\">Decenas de desplazados sirios que se encontraban en los campamentos de refugiados en el territorio jordano cruzaron este mi\u00e9rcoles el paso fronterizo de Nasib-Jaber para retornar a sus localidades y pueblos que fueron liberados del terrorismo por los h\u00e9roes del Ej\u00e9rcito sirio, inform\u00f3 esta tarde el reportero de SANA.<\/p>\n<p style=\"text-align: justify\">El jefe del Centro de Migraci\u00f3n de Nasib, general Mazen Ghandur se\u00f1al\u00f3 que las autoridades competentes enviaron autobuses al cruce fronterizo con Jordania para trasladar a los connacionales a sus hogares, as\u00ed como enviaron alimentos e insumos m\u00e9dicos, dijo.<\/p>\n<p style=\"text-align: justify\">El general precis\u00f3 que unos 6 mil desplazados sirios han retornado hasta la fecha a la patria.<\/p>\n<p style=\"text-align: justify\">Es de recordar que el 28 del pasado mes de noviembre, decenas familias sirias desplazadas lograron regresar de Jordania a sus hogares gracias a los esfuerzos desempe\u00f1ados por el gobierno para repatriar a los connacionales que se vieron obligados a abandonar sus casas por las salvajadas del terrorismo.<\/p>\n<div id='gallery-1' class='gallery galleryid-97211 gallery-columns-3 gallery-size-thumbnail'><figure class='gallery-item'>\n\t\t\t<div class='gallery-icon landscape'>\n\t\t\t\t<a href='https:\/\/archive.sana.sy\/es\/wp-content\/uploads\/2018\/12\/DSC_0841.jpg'><img loading=\"lazy\" decoding=\"async\" width=\"150\" height=\"99\" src=\"https:\/\/archive.sana.sy\/es\/wp-content\/uploads\/2018\/12\/DSC_0841-150x99.jpg\" class=\"attachment-thumbnail size-thumbnail\" alt=\"\" srcset=\"https:\/\/archive.sana.sy\/es\/wp-content\/uploads\/2018\/12\/DSC_0841-150x99.jpg 150w, https:\/\/archive.sana.sy\/es\/wp-content\/uploads\/2018\/12\/DSC_0841-300x197.jpg 300w, https:\/\/archive.sana.sy\/es\/wp-content\/uploads\/2018\/12\/DSC_0841-768x505.jpg 768w, https:\/\/archive.sana.sy\/es\/wp-content\/uploads\/2018\/12\/DSC_0841-1024x673.jpg 1024w, https:\/\/archive.sana.sy\/es\/wp-content\/uploads\/2018\/12\/DSC_0841-310x205.jpg 310w, https:\/\/archive.sana.sy\/es\/wp-content\/uploads\/2018\/12\/DSC_0841.jpg 1200w\" sizes=\"(max-width: 150px) 100vw, 150px\" \/><\/a>\n\t\t\t<\/div><\/figure><figure class='gallery-item'>\n\t\t\t<div class='gallery-icon landscape'>\n\t\t\t\t<a href='https:\/\/archive.sana.sy\/es\/wp-content\/uploads\/2018\/12\/DSC_0831.jpg'><img loading=\"lazy\" decoding=\"async\" width=\"150\" height=\"103\" src=\"https:\/\/archive.sana.sy\/es\/wp-content\/uploads\/2018\/12\/DSC_0831-150x103.jpg\" class=\"attachment-thumbnail size-thumbnail\" alt=\"\" srcset=\"https:\/\/archive.sana.sy\/es\/wp-content\/uploads\/2018\/12\/DSC_0831-150x103.jpg 150w, https:\/\/archive.sana.sy\/es\/wp-content\/uploads\/2018\/12\/DSC_0831-300x206.jpg 300w, https:\/\/archive.sana.sy\/es\/wp-content\/uploads\/2018\/12\/DSC_0831-768x528.jpg 768w, https:\/\/archive.sana.sy\/es\/wp-content\/uploads\/2018\/12\/DSC_0831-1024x704.jpg 1024w, https:\/\/archive.sana.sy\/es\/wp-content\/uploads\/2018\/12\/DSC_0831-110x75.jpg 110w, https:\/\/archive.sana.sy\/es\/wp-content\/uploads\/2018\/12\/DSC_0831.jpg 1200w\" sizes=\"(max-width: 150px) 100vw, 150px\" \/><\/a>\n\t\t\t<\/div><\/figure><figure class='gallery-item'>\n\t\t\t<div class='gallery-icon landscape'>\n\t\t\t\t<a href='https:\/\/archive.sana.sy\/es\/wp-content\/uploads\/2018\/12\/DSC_0866.jpg'><img loading=\"lazy\" decoding=\"async\" width=\"150\" height=\"100\" src=\"https:\/\/archive.sana.sy\/es\/wp-content\/uploads\/2018\/12\/DSC_0866-150x100.jpg\" class=\"attachment-thumbnail size-thumbnail\" alt=\"\" srcset=\"https:\/\/archive.sana.sy\/es\/wp-content\/uploads\/2018\/12\/DSC_0866-150x100.jpg 150w, https:\/\/archive.sana.sy\/es\/wp-content\/uploads\/2018\/12\/DSC_0866-300x200.jpg 300w, https:\/\/archive.sana.sy\/es\/wp-content\/uploads\/2018\/12\/DSC_0866-768x511.jpg 768w, https:\/\/archive.sana.sy\/es\/wp-content\/uploads\/2018\/12\/DSC_0866-1024x682.jpg 1024w, https:\/\/archive.sana.sy\/es\/wp-content\/uploads\/2018\/12\/DSC_0866-310x205.jpg 310w, https:\/\/archive.sana.sy\/es\/wp-content\/uploads\/2018\/12\/DSC_0866.jpg 1200w\" sizes=\"(max-width: 150px) 100vw, 150px\" \/><\/a>\n\t\t\t<\/div><\/figure><figure class='gallery-item'>\n\t\t\t<div class='gallery-icon landscape'>\n\t\t\t\t<a href='https:\/\/archive.sana.sy\/es\/wp-content\/uploads\/2018\/12\/DSC_0851.jpg'><img loading=\"lazy\" decoding=\"async\" width=\"150\" height=\"104\" src=\"https:\/\/archive.sana.sy\/es\/wp-content\/uploads\/2018\/12\/DSC_0851-150x104.jpg\" class=\"attachment-thumbnail size-thumbnail\" alt=\"\" srcset=\"https:\/\/archive.sana.sy\/es\/wp-content\/uploads\/2018\/12\/DSC_0851-150x104.jpg 150w, https:\/\/archive.sana.sy\/es\/wp-content\/uploads\/2018\/12\/DSC_0851-300x209.jpg 300w, https:\/\/archive.sana.sy\/es\/wp-content\/uploads\/2018\/12\/DSC_0851-768x534.jpg 768w, https:\/\/archive.sana.sy\/es\/wp-content\/uploads\/2018\/12\/DSC_0851-1024x712.jpg 1024w, https:\/\/archive.sana.sy\/es\/wp-content\/uploads\/2018\/12\/DSC_0851-110x75.jpg 110w, https:\/\/archive.sana.sy\/es\/wp-content\/uploads\/2018\/12\/DSC_0851.jpg 1200w\" sizes=\"(max-width: 150px) 100vw, 150px\" \/><\/a>\n\t\t\t<\/div><\/figure><figure class='gallery-item'>\n\t\t\t<div class='gallery-icon landscape'>\n\t\t\t\t<a href='https:\/\/archive.sana.sy\/es\/wp-content\/uploads\/2018\/12\/DSC_0853.jpg'><img loading=\"lazy\" decoding=\"async\" width=\"150\" height=\"101\" src=\"https:\/\/archive.sana.sy\/es\/wp-content\/uploads\/2018\/12\/DSC_0853-150x101.jpg\" class=\"attachment-thumbnail size-thumbnail\" alt=\"\" srcset=\"https:\/\/archive.sana.sy\/es\/wp-content\/uploads\/2018\/12\/DSC_0853-150x101.jpg 150w, https:\/\/archive.sana.sy\/es\/wp-content\/uploads\/2018\/12\/DSC_0853-300x201.jpg 300w, https:\/\/archive.sana.sy\/es\/wp-content\/uploads\/2018\/12\/DSC_0853-768x515.jpg 768w, https:\/\/archive.sana.sy\/es\/wp-content\/uploads\/2018\/12\/DSC_0853-1024x686.jpg 1024w, https:\/\/archive.sana.sy\/es\/wp-content\/uploads\/2018\/12\/DSC_0853-110x75.jpg 110w, https:\/\/archive.sana.sy\/es\/wp-content\/uploads\/2018\/12\/DSC_0853.jpg 1200w\" sizes=\"(max-width: 150px) 100vw, 150px\" \/><\/a>\n\t\t\t<\/div><\/figure><figure class='gallery-item'>\n\t\t\t<div class='gallery-icon landscape'>\n\t\t\t\t<a href='https:\/\/archive.sana.sy\/es\/wp-content\/uploads\/2018\/12\/DSC_0856.jpg'><img loading=\"lazy\" decoding=\"async\" width=\"150\" height=\"97\" src=\"https:\/\/archive.sana.sy\/es\/wp-content\/uploads\/2018\/12\/DSC_0856-150x97.jpg\" class=\"attachment-thumbnail size-thumbnail\" alt=\"\" srcset=\"https:\/\/archive.sana.sy\/es\/wp-content\/uploads\/2018\/12\/DSC_0856-150x97.jpg 150w, https:\/\/archive.sana.sy\/es\/wp-content\/uploads\/2018\/12\/DSC_0856-300x194.jpg 300w, https:\/\/archive.sana.sy\/es\/wp-content\/uploads\/2018\/12\/DSC_0856-768x496.jpg 768w, https:\/\/archive.sana.sy\/es\/wp-content\/uploads\/2018\/12\/DSC_0856-1024x661.jpg 1024w, https:\/\/archive.sana.sy\/es\/wp-content\/uploads\/2018\/12\/DSC_0856.jpg 1200w\" sizes=\"(max-width: 150px) 100vw, 150px\" \/><\/a>\n\t\t\t<\/div><\/figure>\n\t\t<\/div>\n\n<p style=\"text-align: justify\">Lynn A.<\/p>\n","protected":false},"excerpt":{"rendered":"<p>Deraa, SANA Decenas de desplazados sirios que se encontraban en los campamentos de refugiados en el territorio jordano cruzaron este mi\u00e9rcoles el paso fronterizo de Nasib-Jaber para retornar a sus localidades y pueblos que fueron liberados del terrorismo por los h\u00e9roes del Ej\u00e9rcito sirio, inform\u00f3 esta tarde el reportero de SANA. El jefe del Centro &hellip;<\/p>\n","protected":false},"author":24,"featured_media":97212,"comment_status":"closed","ping_status":"closed","sticky":false,"template":"","format":"standard","meta":{"footnotes":""},"categories":[597,476,7541],"tags":[],"class_list":["post-97211","post","type-post","status-publish","format-standard","has-post-thumbnail","","category-cinta-de-noticias","category-locales","category-ultimas-noticias"],"_links":{"self":[{"href":"https:\/\/archive.sana.sy\/es\/index.php?rest_route=\/wp\/v2\/posts\/97211"}],"collection":[{"href":"https:\/\/archive.sana.sy\/es\/index.php?rest_route=\/wp\/v2\/posts"}],"about":[{"href":"https:\/\/archive.sana.sy\/es\/index.php?rest_route=\/wp\/v2\/types\/post"}],"author":[{"embeddable":true,"href":"https:\/\/archive.sana.sy\/es\/index.php?rest_route=\/wp\/v2\/users\/24"}],"replies":[{"embeddable":true,"href":"https:\/\/archive.sana.sy\/es\/index.php?rest_route=%2Fwp%2Fv2%2Fcomments&post=97211"}],"version-history":[{"count":0,"href":"https:\/\/archive.sana.sy\/es\/index.php?rest_route=\/wp\/v2\/posts\/97211\/revisions"}],"wp:featuredmedia":[{"embeddable":true,"href":"https:\/\/archive.sana.sy\/es\/index.php?rest_route=\/wp\/v2\/media\/97212"}],"wp:attachment":[{"href":"https:\/\/archive.sana.sy\/es\/index.php?rest_route=%2Fwp%2Fv2%2Fmedia&parent=97211"}],"wp:term":[{"taxonomy":"category","embeddable":true,"href":"https:\/\/archive.sana.sy\/es\/index.php?rest_route=%2Fwp%2Fv2%2Fcategories&post=97211"},{"taxonomy":"post_tag","embeddable":true,"href":"https:\/\/archive.sana.sy\/es\/index.php?rest_route=%2Fwp%2Fv2%2Ftags&post=97211"}],"curies":[{"name":"wp","href":"https:\/\/api.w.org\/{rel}","templated":true}]}}