{"id":97294,"date":"2018-12-28T13:49:56","date_gmt":"2018-12-28T11:49:56","guid":{"rendered":"https:\/\/www.sana.sy\/es\/?p=97294"},"modified":"2018-12-28T13:49:56","modified_gmt":"2018-12-28T11:49:56","slug":"comando-general-unidades-del-ejercito-arabe-sirio-ingresan-en-la-zona-de-menbij-e-izan-la-bandera-nacional-alli-2","status":"publish","type":"post","link":"https:\/\/archive.sana.sy\/es\/?p=97294","title":{"rendered":"Comando General: unidades del ej\u00e9rcito \u00e1rabe sirio ingresan en la zona de Menbij e izan la bandera nacional all\u00ed"},"content":{"rendered":"<p><span style=\"color: #800000\">Alepo, SANA<\/span><\/p>\n<p><iframe loading=\"lazy\" title=\"\u0627\u0644\u0642\u064a\u0627\u062f\u0629 \u0627\u0644\u0639\u0627\u0645\u0629 \u0644\u0644\u062c\u064a\u0634 \u062a\u0639\u0644\u0646 \u0639\u0646 \u062f\u062e\u0648\u0644 \u0648\u062d\u062f\u0627\u062a \u0645\u0646 \u0627\u0644\u062c\u064a\u0634 \u0627\u0644\u0639\u0631\u0628\u064a \u0627\u0644\u0633\u0648\u0631\u064a \u0625\u0644\u0649 \u0645\u0646\u0628\u062c \u0648\u0631\u0641\u0639 \u0627\u0644\u0639\u0644\u0645 \u0627\u0644\u0648\u0637\u0646\u064a \u0641\u064a\u0647\u0627\" width=\"618\" height=\"464\" src=\"https:\/\/www.youtube.com\/embed\/pLcvCD5Hdmk?feature=oembed\" frameborder=\"0\" allow=\"accelerometer; autoplay; clipboard-write; encrypted-media; gyroscope; picture-in-picture; web-share\" referrerpolicy=\"strict-origin-when-cross-origin\" allowfullscreen><\/iframe><\/p>\n<p><span style=\"color: #0000ff\">Ammar H.<\/span><\/p>\n","protected":false},"excerpt":{"rendered":"<p>Alepo, SANA Ammar H.<\/p>\n","protected":false},"author":30,"featured_media":97289,"comment_status":"closed","ping_status":"closed","sticky":false,"template":"","format":"standard","meta":{"footnotes":""},"categories":[624],"tags":[13850],"class_list":["post-97294","post","type-post","status-publish","format-standard","has-post-thumbnail","","category-video-sana","tag-comando-general-unidades-del-ejercito-arabe-sirio-ingresan-en-la-zona-de-menbij-e-izan-la-bandera-nacional-alli"],"_links":{"self":[{"href":"https:\/\/archive.sana.sy\/es\/index.php?rest_route=\/wp\/v2\/posts\/97294"}],"collection":[{"href":"https:\/\/archive.sana.sy\/es\/index.php?rest_route=\/wp\/v2\/posts"}],"about":[{"href":"https:\/\/archive.sana.sy\/es\/index.php?rest_route=\/wp\/v2\/types\/post"}],"author":[{"embeddable":true,"href":"https:\/\/archive.sana.sy\/es\/index.php?rest_route=\/wp\/v2\/users\/30"}],"replies":[{"embeddable":true,"href":"https:\/\/archive.sana.sy\/es\/index.php?rest_route=%2Fwp%2Fv2%2Fcomments&post=97294"}],"version-history":[{"count":0,"href":"https:\/\/archive.sana.sy\/es\/index.php?rest_route=\/wp\/v2\/posts\/97294\/revisions"}],"wp:featuredmedia":[{"embeddable":true,"href":"https:\/\/archive.sana.sy\/es\/index.php?rest_route=\/wp\/v2\/media\/97289"}],"wp:attachment":[{"href":"https:\/\/archive.sana.sy\/es\/index.php?rest_route=%2Fwp%2Fv2%2Fmedia&parent=97294"}],"wp:term":[{"taxonomy":"category","embeddable":true,"href":"https:\/\/archive.sana.sy\/es\/index.php?rest_route=%2Fwp%2Fv2%2Fcategories&post=97294"},{"taxonomy":"post_tag","embeddable":true,"href":"https:\/\/archive.sana.sy\/es\/index.php?rest_route=%2Fwp%2Fv2%2Ftags&post=97294"}],"curies":[{"name":"wp","href":"https:\/\/api.w.org\/{rel}","templated":true}]}}