{"id":97296,"date":"2018-12-28T13:56:15","date_gmt":"2018-12-28T11:56:15","guid":{"rendered":"https:\/\/www.sana.sy\/es\/?p=97296"},"modified":"2018-12-28T13:56:15","modified_gmt":"2018-12-28T11:56:15","slug":"una-cumbre-de-los-jefes-de-estado-garantes-del-proceso-de-astana-tendra-lugar-el-proximo-mes","status":"publish","type":"post","link":"https:\/\/archive.sana.sy\/es\/?p=97296","title":{"rendered":"Una cumbre de los jefes de Estado garantes del proceso de Astan\u00e1 tendr\u00e1 lugar el pr\u00f3ximo mes"},"content":{"rendered":"<p style=\"text-align: justify\"><span style=\"color: #800000\">Mosc\u00fa, SANA<\/span><\/p>\n<p style=\"text-align: justify\">El enviado especial del presidente ruso para Asuntos de Oriente Medio y los Pa\u00edses del \u00c1frica, viceministro de Exteriores Mija\u00edl Bogdanov, anunci\u00f3 que la pr\u00f3xima cumbre de los jefes de presidentes de los estados garantes del Proceso de Astan\u00e1 sobre la crisis en Siria tendr\u00e1 lugar en Rusia a comienzos del pr\u00f3ximo a\u00f1o.<\/p>\n<p style=\"text-align: justify\">La agencia Sputnik cit\u00f3 a Bogdanov diciendo a los periodistas: \u201ces nuestro turno ya para acoger la cumbre de los pa\u00edses garantes (Rusia, Ir\u00e1n y Turqu\u00eda) y deber\u00eda celebrarse en la primera semana del pr\u00f3ximo a\u00f1o y esto depende de la agenda de los presidentes de esos pa\u00edses.\u201d<\/p>\n<p style=\"text-align: justify\">Es de recordar que la anterior cumbre se celebr\u00f3 en la capital iran\u00ed Teher\u00e1n el d\u00eda siete del pasado septiembre cuando emiti\u00f3 una declaraci\u00f3n conjunta afirmando el compromiso con la unidad y soberan\u00eda del territorio sirio y con la lucha antiterrorista.<\/p>\n<p style=\"text-align: justify\"><span style=\"color: #0000ff\">Riad Sh.\/ Ammar H.<\/span><\/p>\n","protected":false},"excerpt":{"rendered":"<p>Mosc\u00fa, SANA El enviado especial del presidente ruso para Asuntos de Oriente Medio y los Pa\u00edses del \u00c1frica, viceministro de Exteriores Mija\u00edl Bogdanov, anunci\u00f3 que la pr\u00f3xima cumbre de los jefes de presidentes de los estados garantes del Proceso de Astan\u00e1 sobre la crisis en Siria tendr\u00e1 lugar en Rusia a comienzos del pr\u00f3ximo a\u00f1o. &hellip;<\/p>\n","protected":false},"author":30,"featured_media":97297,"comment_status":"closed","ping_status":"closed","sticky":false,"template":"","format":"standard","meta":{"footnotes":""},"categories":[597,576,7541],"tags":[13851],"class_list":["post-97296","post","type-post","status-publish","format-standard","has-post-thumbnail","","category-cinta-de-noticias","category-noticias-politicas","category-ultimas-noticias","tag-una-cumbre-de-los-jefes-de-estado-garantes-del-proceso-de-astana-tendra-lugar-el-proximo-mes"],"_links":{"self":[{"href":"https:\/\/archive.sana.sy\/es\/index.php?rest_route=\/wp\/v2\/posts\/97296"}],"collection":[{"href":"https:\/\/archive.sana.sy\/es\/index.php?rest_route=\/wp\/v2\/posts"}],"about":[{"href":"https:\/\/archive.sana.sy\/es\/index.php?rest_route=\/wp\/v2\/types\/post"}],"author":[{"embeddable":true,"href":"https:\/\/archive.sana.sy\/es\/index.php?rest_route=\/wp\/v2\/users\/30"}],"replies":[{"embeddable":true,"href":"https:\/\/archive.sana.sy\/es\/index.php?rest_route=%2Fwp%2Fv2%2Fcomments&post=97296"}],"version-history":[{"count":0,"href":"https:\/\/archive.sana.sy\/es\/index.php?rest_route=\/wp\/v2\/posts\/97296\/revisions"}],"wp:featuredmedia":[{"embeddable":true,"href":"https:\/\/archive.sana.sy\/es\/index.php?rest_route=\/wp\/v2\/media\/97297"}],"wp:attachment":[{"href":"https:\/\/archive.sana.sy\/es\/index.php?rest_route=%2Fwp%2Fv2%2Fmedia&parent=97296"}],"wp:term":[{"taxonomy":"category","embeddable":true,"href":"https:\/\/archive.sana.sy\/es\/index.php?rest_route=%2Fwp%2Fv2%2Fcategories&post=97296"},{"taxonomy":"post_tag","embeddable":true,"href":"https:\/\/archive.sana.sy\/es\/index.php?rest_route=%2Fwp%2Fv2%2Ftags&post=97296"}],"curies":[{"name":"wp","href":"https:\/\/api.w.org\/{rel}","templated":true}]}}