{"id":97299,"date":"2018-12-28T14:04:38","date_gmt":"2018-12-28T12:04:38","guid":{"rendered":"https:\/\/www.sana.sy\/es\/?p=97299"},"modified":"2019-01-02T14:01:44","modified_gmt":"2019-01-02T12:01:44","slug":"el-kremlin-la-entrada-del-ejercito-sirio-en-manbij-es-un-paso-positivo-para-la-estabilizacion-de-en-siria","status":"publish","type":"post","link":"https:\/\/archive.sana.sy\/es\/?p=97299","title":{"rendered":"El Kremlin: la entrada del ej\u00e9rcito sirio en Manbij es un paso positivo para la estabilizaci\u00f3n de en Siria"},"content":{"rendered":"<p style=\"text-align: justify;\"><span style=\"color: #800000;\">Mosc\u00fa-SANA<\/span><\/p>\n<p style=\"text-align: justify;\">La presidencia rusa dio la bienvenida a la entrada de unidades del Ej\u00e9rcito \u00c1rabe Sirio a la zona de Manbij en el campo norte de Alepo y levantar la bandera de la Rep\u00fablica \u00c1rabe Siria all\u00ed.<\/p>\n<p style=\"text-align: justify;\">El portavoz del Kremlin Dmitry Peskov dijo en un comunicado de prensa citado por Rusia hoy que la entrada del ej\u00e9rcito \u00e1rabe sirio a Manbij y el hecho de levantar la bandera nacional all\u00ed &#8220;representa sin duda un paso positivo que contribuye a restaurar la estabilidad en el pa\u00eds&#8221;.<\/p>\n<p style=\"text-align: justify;\">Peskov dijo que la reuni\u00f3n programada para ma\u00f1ana en Mosc\u00fa entre los ministros de Exteriores y de Defensa de Rusia, Sergey Lavrov y Sergey Shweigo, y sus hom\u00f3logos turcos, Mouloud Javishoglu y Khalosi Akkar, abordar\u00e1 la situaci\u00f3n en Siria y coordinar los pasos y llegar a un entendimiento sobre la evoluci\u00f3n futura de la situaci\u00f3n.<\/p>\n<p style=\"text-align: justify;\">El Comando General del ej\u00e9rcito y las fuerzas armadas anunci\u00f3 hoy en un comunicado el ingreso de unidades del ej\u00e9rcito \u00e1rabe sirio a la zona rural de Manbij al norte de Alepo y levantar la bandera de la Rep\u00fablica \u00c1rabe Siria, destacando que el ej\u00e9rcito \u00e1rabe sirio garantiza la total seguridad de todos los ciudadanos sirios y los otros en la zona de Manbij.<\/p>\n<p style=\"text-align: justify;\"><span style=\"color: #0000ff;\">\u00a0E. Dubian\/ Riad Sh.<\/span><\/p>\n","protected":false},"excerpt":{"rendered":"<p>Mosc\u00fa-SANA La presidencia rusa dio la bienvenida a la entrada de unidades del Ej\u00e9rcito \u00c1rabe Sirio a la zona de Manbij en el campo norte de Alepo y levantar la bandera de la Rep\u00fablica \u00c1rabe Siria all\u00ed. El portavoz del Kremlin Dmitry Peskov dijo en un comunicado de prensa citado por Rusia hoy que la &hellip;<\/p>\n","protected":false},"author":30,"featured_media":97300,"comment_status":"closed","ping_status":"closed","sticky":false,"template":"","format":"standard","meta":{"footnotes":""},"categories":[597,467,7541],"tags":[13852],"class_list":["post-97299","post","type-post","status-publish","format-standard","has-post-thumbnail","","category-cinta-de-noticias","category-siria-y-el-mundo","category-ultimas-noticias","tag-el-kremlin-la-entrada-del-ejercito-sirio-en-manbij-es-un-paso-positivo-para-la-estabilizacion-de-en-siria"],"_links":{"self":[{"href":"https:\/\/archive.sana.sy\/es\/index.php?rest_route=\/wp\/v2\/posts\/97299"}],"collection":[{"href":"https:\/\/archive.sana.sy\/es\/index.php?rest_route=\/wp\/v2\/posts"}],"about":[{"href":"https:\/\/archive.sana.sy\/es\/index.php?rest_route=\/wp\/v2\/types\/post"}],"author":[{"embeddable":true,"href":"https:\/\/archive.sana.sy\/es\/index.php?rest_route=\/wp\/v2\/users\/30"}],"replies":[{"embeddable":true,"href":"https:\/\/archive.sana.sy\/es\/index.php?rest_route=%2Fwp%2Fv2%2Fcomments&post=97299"}],"version-history":[{"count":0,"href":"https:\/\/archive.sana.sy\/es\/index.php?rest_route=\/wp\/v2\/posts\/97299\/revisions"}],"wp:featuredmedia":[{"embeddable":true,"href":"https:\/\/archive.sana.sy\/es\/index.php?rest_route=\/wp\/v2\/media\/97300"}],"wp:attachment":[{"href":"https:\/\/archive.sana.sy\/es\/index.php?rest_route=%2Fwp%2Fv2%2Fmedia&parent=97299"}],"wp:term":[{"taxonomy":"category","embeddable":true,"href":"https:\/\/archive.sana.sy\/es\/index.php?rest_route=%2Fwp%2Fv2%2Fcategories&post=97299"},{"taxonomy":"post_tag","embeddable":true,"href":"https:\/\/archive.sana.sy\/es\/index.php?rest_route=%2Fwp%2Fv2%2Ftags&post=97299"}],"curies":[{"name":"wp","href":"https:\/\/api.w.org\/{rel}","templated":true}]}}