{"id":97302,"date":"2018-12-28T14:16:12","date_gmt":"2018-12-28T12:16:12","guid":{"rendered":"https:\/\/www.sana.sy\/es\/?p=97302"},"modified":"2019-01-02T19:19:10","modified_gmt":"2019-01-02T17:19:10","slug":"la-embajada-bahreini-reanuda-su-trabajo-en-damasco","status":"publish","type":"post","link":"https:\/\/archive.sana.sy\/es\/?p=97302","title":{"rendered":"Embajada de Bahr\u00e9in en Damasco reanuda su trabajo"},"content":{"rendered":"<p style=\"text-align: justify\"><span style=\"color: #800000\">Manama, SANA<\/span><\/p>\n<p style=\"text-align: justify\">El Ministerio de Exteriores de Bahr\u00e9in anunci\u00f3 la reanudaci\u00f3n del trabajo en la Embajada bahrein\u00ed en Damasco.<\/p>\n<p style=\"text-align: justify\">\u201cEl Ministerio de Exteriores confirma el entusiasmo de Bahr\u00e9in por mantener las relaciones con la Rep\u00fablica \u00c1rabe Siria y la importancia de fortalecer el papel \u00e1rabe y activarlo para preservar la independencia, la soberan\u00eda y la integridad territorial de Siria\u201d, dijo el ministerio en una nota citada por la agencia bahrein\u00ed de noticias.<\/p>\n<p style=\"text-align: justify\">La embajada de Emiratos \u00c1rabe Unidos en Damasco hab\u00eda reabierto sus puertas el jueves pasado tras siete a\u00f1os de cierre.<\/p>\n<p style=\"text-align: justify\"><span style=\"color: #0000ff\">A. H.\/F. M.\/ R. Sh.\/ R. R.\u00a0<\/span><\/p>\n","protected":false},"excerpt":{"rendered":"<p>Manama, SANA El Ministerio de Exteriores de Bahr\u00e9in anunci\u00f3 la reanudaci\u00f3n del trabajo en la Embajada bahrein\u00ed en Damasco. \u201cEl Ministerio de Exteriores confirma el entusiasmo de Bahr\u00e9in por mantener las relaciones con la Rep\u00fablica \u00c1rabe Siria y la importancia de fortalecer el papel \u00e1rabe y activarlo para preservar la independencia, la soberan\u00eda y la &hellip;<\/p>\n","protected":false},"author":30,"featured_media":97303,"comment_status":"closed","ping_status":"closed","sticky":false,"template":"","format":"standard","meta":{"footnotes":""},"categories":[597,467,7541],"tags":[13857],"class_list":["post-97302","post","type-post","status-publish","format-standard","has-post-thumbnail","","category-cinta-de-noticias","category-siria-y-el-mundo","category-ultimas-noticias","tag-embajada-de-bahrein-en-damasco-reanuda-su-trabajo"],"_links":{"self":[{"href":"https:\/\/archive.sana.sy\/es\/index.php?rest_route=\/wp\/v2\/posts\/97302"}],"collection":[{"href":"https:\/\/archive.sana.sy\/es\/index.php?rest_route=\/wp\/v2\/posts"}],"about":[{"href":"https:\/\/archive.sana.sy\/es\/index.php?rest_route=\/wp\/v2\/types\/post"}],"author":[{"embeddable":true,"href":"https:\/\/archive.sana.sy\/es\/index.php?rest_route=\/wp\/v2\/users\/30"}],"replies":[{"embeddable":true,"href":"https:\/\/archive.sana.sy\/es\/index.php?rest_route=%2Fwp%2Fv2%2Fcomments&post=97302"}],"version-history":[{"count":0,"href":"https:\/\/archive.sana.sy\/es\/index.php?rest_route=\/wp\/v2\/posts\/97302\/revisions"}],"wp:featuredmedia":[{"embeddable":true,"href":"https:\/\/archive.sana.sy\/es\/index.php?rest_route=\/wp\/v2\/media\/97303"}],"wp:attachment":[{"href":"https:\/\/archive.sana.sy\/es\/index.php?rest_route=%2Fwp%2Fv2%2Fmedia&parent=97302"}],"wp:term":[{"taxonomy":"category","embeddable":true,"href":"https:\/\/archive.sana.sy\/es\/index.php?rest_route=%2Fwp%2Fv2%2Fcategories&post=97302"},{"taxonomy":"post_tag","embeddable":true,"href":"https:\/\/archive.sana.sy\/es\/index.php?rest_route=%2Fwp%2Fv2%2Ftags&post=97302"}],"curies":[{"name":"wp","href":"https:\/\/api.w.org\/{rel}","templated":true}]}}