{"id":97369,"date":"2018-12-29T14:04:41","date_gmt":"2018-12-29T12:04:41","guid":{"rendered":"https:\/\/www.sana.sy\/es\/?p=97369"},"modified":"2018-12-29T14:04:41","modified_gmt":"2018-12-29T12:04:41","slug":"nebenzya-el-control-del-ejercito-sirio-sobre-la-frontera-con-irak-limitara-la-amenaza-de-la-organizacion-terrorista-daesh","status":"publish","type":"post","link":"https:\/\/archive.sana.sy\/es\/?p=97369","title":{"rendered":"Nebenzya: el control del ej\u00e9rcito sirio sobre la frontera con Irak limitar\u00e1 la amenaza de la organizaci\u00f3n terrorista Daesh"},"content":{"rendered":"<p style=\"text-align: justify\"><span style=\"color: #800000\">Mosc\u00fa, SANA<\/span><\/p>\n<p style=\"text-align: justify\">El representante permanente de Rusia ante las Naciones Unidas, Vasily Nebenzya, confirm\u00f3 que el control del ej\u00e9rcito \u00e1rabe sirio sobre la frontera con Irak limitar\u00e1 las amenazas de la organizaci\u00f3n terrorista Daesh.<\/p>\n<p style=\"text-align: justify\">En una declaraci\u00f3n a la agencia de noticias rusa Novosti, Nebenzya se\u00f1al\u00f3 la convicci\u00f3n de Rusia de que el restablecimiento del control del ej\u00e9rcito sirio en toda la frontera sirio-iraqu\u00ed ayudar\u00eda a eliminar completamente la amenaza del Daesh gracias a las acciones coordinadas de las fuerzas sirias e iraqu\u00edes.<\/p>\n<p style=\"text-align: justify\">Al comentar sobre la decisi\u00f3n de Washington de retirar sus tropas de Siria, Nebenzya dijo: &#8220;La retirada de las fuerzas extranjeras presentes en territorio sirio sin el consentimiento de las autoridades sirias leg\u00edtimas es un paso en la direcci\u00f3n correcta&#8221; , y agreg\u00f3 que &#8220;la retirada de las fuerzas estadounidenses, adem\u00e1s del restablecimiento de las leyes internacionales y la soberan\u00eda de Siria, ayudar\u00e1 en alg\u00fan sentido y sobre todo en resolver el atolladero con relaci\u00f3n al campamento de al-Rukban &#8220;.<\/p>\n<p style=\"text-align: justify\"><span style=\"color: #0000ff\">Ammar H.\/ Riad Sh.<\/span><\/p>\n","protected":false},"excerpt":{"rendered":"<p>Mosc\u00fa, SANA El representante permanente de Rusia ante las Naciones Unidas, Vasily Nebenzya, confirm\u00f3 que el control del ej\u00e9rcito \u00e1rabe sirio sobre la frontera con Irak limitar\u00e1 las amenazas de la organizaci\u00f3n terrorista Daesh. En una declaraci\u00f3n a la agencia de noticias rusa Novosti, Nebenzya se\u00f1al\u00f3 la convicci\u00f3n de Rusia de que el restablecimiento del &hellip;<\/p>\n","protected":false},"author":30,"featured_media":97370,"comment_status":"closed","ping_status":"closed","sticky":false,"template":"","format":"standard","meta":{"footnotes":""},"categories":[597,467,7541],"tags":[13869],"class_list":["post-97369","post","type-post","status-publish","format-standard","has-post-thumbnail","","category-cinta-de-noticias","category-siria-y-el-mundo","category-ultimas-noticias","tag-nebenzya-el-control-del-ejercito-sirio-sobre-la-frontera-con-irak-limitara-la-amenaza-de-la-organizacion-terrorista-daesh"],"_links":{"self":[{"href":"https:\/\/archive.sana.sy\/es\/index.php?rest_route=\/wp\/v2\/posts\/97369"}],"collection":[{"href":"https:\/\/archive.sana.sy\/es\/index.php?rest_route=\/wp\/v2\/posts"}],"about":[{"href":"https:\/\/archive.sana.sy\/es\/index.php?rest_route=\/wp\/v2\/types\/post"}],"author":[{"embeddable":true,"href":"https:\/\/archive.sana.sy\/es\/index.php?rest_route=\/wp\/v2\/users\/30"}],"replies":[{"embeddable":true,"href":"https:\/\/archive.sana.sy\/es\/index.php?rest_route=%2Fwp%2Fv2%2Fcomments&post=97369"}],"version-history":[{"count":0,"href":"https:\/\/archive.sana.sy\/es\/index.php?rest_route=\/wp\/v2\/posts\/97369\/revisions"}],"wp:featuredmedia":[{"embeddable":true,"href":"https:\/\/archive.sana.sy\/es\/index.php?rest_route=\/wp\/v2\/media\/97370"}],"wp:attachment":[{"href":"https:\/\/archive.sana.sy\/es\/index.php?rest_route=%2Fwp%2Fv2%2Fmedia&parent=97369"}],"wp:term":[{"taxonomy":"category","embeddable":true,"href":"https:\/\/archive.sana.sy\/es\/index.php?rest_route=%2Fwp%2Fv2%2Fcategories&post=97369"},{"taxonomy":"post_tag","embeddable":true,"href":"https:\/\/archive.sana.sy\/es\/index.php?rest_route=%2Fwp%2Fv2%2Ftags&post=97369"}],"curies":[{"name":"wp","href":"https:\/\/api.w.org\/{rel}","templated":true}]}}