{"id":97375,"date":"2018-12-29T15:07:13","date_gmt":"2018-12-29T13:07:13","guid":{"rendered":"https:\/\/www.sana.sy\/es\/?p=97375"},"modified":"2019-08-21T22:49:21","modified_gmt":"2019-08-21T19:49:21","slug":"el-presidente-al-assad-recibe-un-mensaje-del-primer-ministro-iraqui-sobre-coordinacion-bilateral","status":"publish","type":"post","link":"https:\/\/archive.sana.sy\/es\/?p=97375","title":{"rendered":"El presidente al-Assad recibe un mensaje del primer ministro iraqu\u00ed sobre coordinaci\u00f3n bilateral"},"content":{"rendered":"<p style=\"text-align: justify;\"><span style=\"color: #800000;\">Damasco, SANA<\/span><\/p>\n<p style=\"text-align: justify;\">El presidente Bashar al-Assad recibi\u00f3 un mensaje del primer ministro iraqu\u00ed, Adel Abdul-Mahdi, que fue entregado por el asesor de seguridad nacional iraqu\u00ed, Faleh al-Fayad.<\/p>\n<p style=\"text-align: justify;\">El mensaje se centr\u00f3 en el desarrollo de las relaciones entre los dos pa\u00edses y la importancia de continuar la coordinaci\u00f3n en todos los niveles, especialmente con respecto a la lucha contra el terrorismo y la cooperaci\u00f3n vigente, especialmente en la frontera com\u00fan entre ambos pa\u00edses.<\/p>\n<p style=\"text-align: justify;\">Durante la reuni\u00f3n, el presidente al-Assad destac\u00f3 que las buenas relaciones con el hermano Irak y la cooperaci\u00f3n en la lucha contra el terrorismo han constituido un elemento de fuerza para ambos pa\u00edses en su guerra contra el terrorismo, destacando la importancia de continuar esta coordinaci\u00f3n hasta la eliminaci\u00f3n de los focos terroristas restantes en algunas \u00e1reas de Siria e Irak.<\/p>\n<p style=\"text-align: justify;\">En cuanto a los desarrollos regionales e internacionales, el presidente al-Assad dijo que los desarrollos positivos en la regi\u00f3n, especialmente el restablecimiento de la seguridad y la estabilidad en la mayor\u00eda de las ciudades sirias e iraqu\u00edes, confirman que la determinaci\u00f3n de los pueblos de la regi\u00f3n por mantener la soberan\u00eda de sus pa\u00edses ha sido m\u00e1s fuerte que los planes externos.<\/p>\n<p style=\"text-align: justify;\">Por su parte, Al-Fayad dijo: &#8220;El \u00e9xito del pueblo iraqu\u00ed frente al terrorismo y las victorias logradas por Siria y poder restaurar la seguridad y derrotar al terrorismo en la mayor parte de su territorio, la \u00faltima de las cuales fue la entrada del ej\u00e9rcito sirio en Manbej, todo ello constituye una buena se\u00f1al para toda la regi\u00f3n.<\/p>\n<p style=\"text-align: justify;\">La reuni\u00f3n abord\u00f3 tambi\u00e9n las relaciones bilaterales entre los dos pa\u00edses, enfatizando la necesidad de desarrollarlas en diversos campos para servir los intereses de los pueblos sirio e iraqu\u00ed.<\/p>\n<p style=\"text-align: justify;\">A la reuni\u00f3n asisti\u00f3 el embajador de Siria ante Irak, Sattam Al-Dandah.<\/p>\n<p style=\"text-align: justify;\"><span style=\"color: #0000ff;\">Ammar H.\/ Riad Sh.<\/span><\/p>\n","protected":false},"excerpt":{"rendered":"<p>Damasco, SANA El presidente Bashar al-Assad recibi\u00f3 un mensaje del primer ministro iraqu\u00ed, Adel Abdul-Mahdi, que fue entregado por el asesor de seguridad nacional iraqu\u00ed, Faleh al-Fayad. El mensaje se centr\u00f3 en el desarrollo de las relaciones entre los dos pa\u00edses y la importancia de continuar la coordinaci\u00f3n en todos los niveles, especialmente con respecto &hellip;<\/p>\n","protected":false},"author":30,"featured_media":97376,"comment_status":"closed","ping_status":"closed","sticky":false,"template":"","format":"standard","meta":{"footnotes":""},"categories":[597,16237,467,583,626],"tags":[13871],"class_list":["post-97375","post","type-post","status-publish","format-standard","has-post-thumbnail","","category-cinta-de-noticias","category-presidence-de-la-republique-arabe-syria","category-siria-y-el-mundo","category-slide","category-sr-presidente","tag-el-presidente-al-assad-recibe-un-mensaje-del-primer-ministro-iraqui-sobre-coordinacion-bilateral"],"_links":{"self":[{"href":"https:\/\/archive.sana.sy\/es\/index.php?rest_route=\/wp\/v2\/posts\/97375"}],"collection":[{"href":"https:\/\/archive.sana.sy\/es\/index.php?rest_route=\/wp\/v2\/posts"}],"about":[{"href":"https:\/\/archive.sana.sy\/es\/index.php?rest_route=\/wp\/v2\/types\/post"}],"author":[{"embeddable":true,"href":"https:\/\/archive.sana.sy\/es\/index.php?rest_route=\/wp\/v2\/users\/30"}],"replies":[{"embeddable":true,"href":"https:\/\/archive.sana.sy\/es\/index.php?rest_route=%2Fwp%2Fv2%2Fcomments&post=97375"}],"version-history":[{"count":0,"href":"https:\/\/archive.sana.sy\/es\/index.php?rest_route=\/wp\/v2\/posts\/97375\/revisions"}],"wp:featuredmedia":[{"embeddable":true,"href":"https:\/\/archive.sana.sy\/es\/index.php?rest_route=\/wp\/v2\/media\/97376"}],"wp:attachment":[{"href":"https:\/\/archive.sana.sy\/es\/index.php?rest_route=%2Fwp%2Fv2%2Fmedia&parent=97375"}],"wp:term":[{"taxonomy":"category","embeddable":true,"href":"https:\/\/archive.sana.sy\/es\/index.php?rest_route=%2Fwp%2Fv2%2Fcategories&post=97375"},{"taxonomy":"post_tag","embeddable":true,"href":"https:\/\/archive.sana.sy\/es\/index.php?rest_route=%2Fwp%2Fv2%2Ftags&post=97375"}],"curies":[{"name":"wp","href":"https:\/\/api.w.org\/{rel}","templated":true}]}}