{"id":97379,"date":"2018-12-29T15:20:27","date_gmt":"2018-12-29T13:20:27","guid":{"rendered":"https:\/\/www.sana.sy\/es\/?p=97379"},"modified":"2018-12-29T15:20:27","modified_gmt":"2018-12-29T13:20:27","slug":"der-spiegel-suspende-los-deberes-de-dos-funcionarios-de-su-equipo-editorial-luego-de-la-fabricacion-de-historias-falsas-sobre-siria","status":"publish","type":"post","link":"https:\/\/archive.sana.sy\/es\/?p=97379","title":{"rendered":"Der Spiegel suspende los deberes de dos funcionarios de su equipo editorial luego de la fabricaci\u00f3n de historias falsas sobre Siria"},"content":{"rendered":"<p style=\"text-align: justify\"><span style=\"color: #800000\">Berl\u00edn, SANA<\/span><\/p>\n<p style=\"text-align: justify\">La revista alemana Der Spiegel anunci\u00f3 haber suspendido a dos de sus jefes redactores luego de que uno de sus ex periodistas invent\u00f3 historias falsas sobre Siria.<\/p>\n<p style=\"text-align: justify\">Los medios alemanes citaron a Stephen Klausman, editor en jefe de la revista, diciendo en una carta interna a su personal: Los contratos del editor en jefe Ulrich Wieschner y el editor en jefe Matthias Gaer fueron suspendidos hasta que finalice la investigaci\u00f3n.<\/p>\n<p style=\"text-align: justify\">La revista dijo que el esc\u00e1ndalo, que incluye temas como la crisis en Siria, es una de las peores cosas que le pueden pasar a un equipo editorial de prensa que est\u00e1 convencido del da\u00f1o que este caso causa a su credibilidad y a la de los medios de comunicaci\u00f3n en general.<\/p>\n<p style=\"text-align: justify\">Varios medios de comunicaci\u00f3n occidentales y \u00e1rabes jugaron un papel importante en la guerra contra Siria al fabricar noticias e informes de los medios sobre la situaci\u00f3n, donde el periodista franc\u00e9s Pierre Le Corve confirm\u00f3 recientemente que los medios de comunicaci\u00f3n occidentales se alinearon con la crisis en Siria a las organizaciones terroristas y adoptaron dobles est\u00e1ndares basados en la fabricaci\u00f3n de noticias.<\/p>\n<p style=\"text-align: justify\">En un art\u00edculo publicado en el peri\u00f3dico Rubicon en mayo del a\u00f1o pasado, la periodista alemana Ince Lofer se\u00f1al\u00f3 que la propaganda falsa de los medios, en la que hab\u00edan participado muchos medios alemanes, hab\u00eda desempe\u00f1ado un papel desastroso en t\u00e9rminos de la crisis en Siria.<\/p>\n<p style=\"text-align: justify\"><span style=\"color: #0000ff\">Ammar H.\/ Riad Sh.<\/span><\/p>\n","protected":false},"excerpt":{"rendered":"<p>Berl\u00edn, SANA La revista alemana Der Spiegel anunci\u00f3 haber suspendido a dos de sus jefes redactores luego de que uno de sus ex periodistas invent\u00f3 historias falsas sobre Siria. Los medios alemanes citaron a Stephen Klausman, editor en jefe de la revista, diciendo en una carta interna a su personal: Los contratos del editor en &hellip;<\/p>\n","protected":false},"author":30,"featured_media":97380,"comment_status":"closed","ping_status":"closed","sticky":false,"template":"","format":"standard","meta":{"footnotes":""},"categories":[555,597,7541],"tags":[13872],"class_list":["post-97379","post","type-post","status-publish","format-standard","has-post-thumbnail","","category-prensa","category-cinta-de-noticias","category-ultimas-noticias","tag-der-spiegel-suspende-los-deberes-de-dos-funcionarios-de-su-equipo-editorial-luego-de-la-fabricacion-de-historias-falsas-sobre-siria"],"_links":{"self":[{"href":"https:\/\/archive.sana.sy\/es\/index.php?rest_route=\/wp\/v2\/posts\/97379"}],"collection":[{"href":"https:\/\/archive.sana.sy\/es\/index.php?rest_route=\/wp\/v2\/posts"}],"about":[{"href":"https:\/\/archive.sana.sy\/es\/index.php?rest_route=\/wp\/v2\/types\/post"}],"author":[{"embeddable":true,"href":"https:\/\/archive.sana.sy\/es\/index.php?rest_route=\/wp\/v2\/users\/30"}],"replies":[{"embeddable":true,"href":"https:\/\/archive.sana.sy\/es\/index.php?rest_route=%2Fwp%2Fv2%2Fcomments&post=97379"}],"version-history":[{"count":0,"href":"https:\/\/archive.sana.sy\/es\/index.php?rest_route=\/wp\/v2\/posts\/97379\/revisions"}],"wp:featuredmedia":[{"embeddable":true,"href":"https:\/\/archive.sana.sy\/es\/index.php?rest_route=\/wp\/v2\/media\/97380"}],"wp:attachment":[{"href":"https:\/\/archive.sana.sy\/es\/index.php?rest_route=%2Fwp%2Fv2%2Fmedia&parent=97379"}],"wp:term":[{"taxonomy":"category","embeddable":true,"href":"https:\/\/archive.sana.sy\/es\/index.php?rest_route=%2Fwp%2Fv2%2Fcategories&post=97379"},{"taxonomy":"post_tag","embeddable":true,"href":"https:\/\/archive.sana.sy\/es\/index.php?rest_route=%2Fwp%2Fv2%2Ftags&post=97379"}],"curies":[{"name":"wp","href":"https:\/\/api.w.org\/{rel}","templated":true}]}}