{"id":97382,"date":"2018-12-29T16:52:30","date_gmt":"2018-12-29T14:52:30","guid":{"rendered":"https:\/\/www.sana.sy\/es\/?p=97382"},"modified":"2023-01-10T15:28:53","modified_gmt":"2023-01-10T13:28:53","slug":"conversaciones-sirio-iranies-para-completar-el-proyecto-del-acuerdo-de-cooperacion-economica-estrategica-a-largo-plazo","status":"publish","type":"post","link":"https:\/\/archive.sana.sy\/es\/?p=97382","title":{"rendered":"Conversaciones sirio-iran\u00edes para completar el proyecto del acuerdo de cooperaci\u00f3n econ\u00f3mica estrat\u00e9gica a largo plazo"},"content":{"rendered":"<p style=\"text-align: justify\"><span style=\"color: #800000\">Teher\u00e1n, SANA<\/span><\/p>\n<p style=\"text-align: justify\">Hoy se celebr\u00f3 una reuni\u00f3n en la capital iran\u00ed Teher\u00e1n entre el Ministro de Econom\u00eda y Comercio Exterior, el Dr. Mohammad Samer Al-Khalil, jefe de la parte siria en el comit\u00e9 econ\u00f3mico ministerial conjunto y el Ministro de Carreteras y Urbanizaci\u00f3n de Ir\u00e1n, Mohamad Islami, jefe de la parte iran\u00ed.<\/p>\n<p style=\"text-align: justify\">Durante la reuni\u00f3n las dos partes examinaron los modos de ampliar y desarrollar la cooperaci\u00f3n econ\u00f3mica y de inversi\u00f3n entre los dos pa\u00edses amigos, y alcanzar un acuerdo sobre el proyecto del acuerdo de cooperaci\u00f3n econ\u00f3mica estrat\u00e9gica a largo plazo.<\/p>\n<p style=\"text-align: justify\">El ministro Al-Khalil afirm\u00f3 durante la reuni\u00f3n que los dos pa\u00edses hermanos tienen voluntad real y gran determinaci\u00f3n a desarrollar las relaciones econ\u00f3micas, destacando que la esfera econ\u00f3mica de cooperaci\u00f3n debe ser una prioridad, especialmente que los dos pa\u00edses est\u00e1n sujetos a medidas econ\u00f3micas coercitivas unilaterales para socavar sus potencialidades.<br \/>\nAl-Khalil Agreg\u00f3: &#8220;Hay que desarrollar las relaciones de inversi\u00f3n, comercio, banca y finanzas para contribuir al desarrollo econ\u00f3mico y estamos trabajando para facilitar y desarrollar el intercambio comercial para lograr el flujo de bienes entre ambos pa\u00edses&#8221;.<\/p>\n<p style=\"text-align: justify\">&#8220;Contamos con el gran papel de las compa\u00f1\u00edas iran\u00edes y su potencial para la reconstrucci\u00f3n en Siria, y la cooperaci\u00f3n bancaria debe recibir una atenci\u00f3n especial porque es necesaria para la cooperaci\u00f3n comercial y de inversi\u00f3n&#8221;, agreg\u00f3 Al-Khalil.<\/p>\n<p style=\"text-align: justify\">Por su parte, el Ministro de Carreteras y Urbanizaci\u00f3n iran\u00ed dijo que Siria e Ir\u00e1n continuar\u00e1n con la determinaci\u00f3n de combatir y derrotar al terrorismo, se\u00f1alando que las relaciones cercanas entre los dos pa\u00edses ayudan a la estabilidad y la seguridad de la regi\u00f3n.<\/p>\n<p style=\"text-align: justify\">Islami expres\u00f3 su esperanza de que el acuerdo sea culminado definitivamente, y dijo. &#8220;Una de las prioridades m\u00e1s importantes de este acuerdo es alentar al sector iran\u00ed a trabajar en Siria\u2026.y debemos administrar la l\u00ednea de cr\u00e9dito para facilitar la llegada del sector privado iran\u00ed a Siria&#8221;.<\/p>\n<p style=\"text-align: justify\">Se\u00f1al\u00f3 que est\u00e1 programada una conferencia para invitar a compa\u00f1\u00edas e inversionistas iran\u00edes en presencia de los lados sirio e iran\u00ed, enfatizando la necesidad de coordinar y fortalecer los esfuerzos entre los dos pa\u00edses.<\/p>\n<p style=\"text-align: justify\">A la reuni\u00f3n asisti\u00f3 el embajador de Siria en Teher\u00e1n, el Dr Adnan Mahmoud.<\/p>\n<p style=\"text-align: justify\"><span style=\"color: #0000ff\">Ammar H.\/ Riad Sh.<\/span><\/p>\n","protected":false},"excerpt":{"rendered":"<p>Teher\u00e1n, SANA Hoy se celebr\u00f3 una reuni\u00f3n en la capital iran\u00ed Teher\u00e1n entre el Ministro de Econom\u00eda y Comercio Exterior, el Dr. Mohammad Samer Al-Khalil, jefe de la parte siria en el comit\u00e9 econ\u00f3mico ministerial conjunto y el Ministro de Carreteras y Urbanizaci\u00f3n de Ir\u00e1n, Mohamad Islami, jefe de la parte iran\u00ed. Durante la reuni\u00f3n &hellip;<\/p>\n","protected":false},"author":30,"featured_media":97383,"comment_status":"closed","ping_status":"closed","sticky":false,"template":"","format":"standard","meta":{"footnotes":""},"categories":[447,597,485,467,7541],"tags":[13873],"class_list":["post-97382","post","type-post","status-publish","format-standard","has-post-thumbnail","","category-local-politica","category-cinta-de-noticias","category-informes-negocios-y-finanzas","category-siria-y-el-mundo","category-ultimas-noticias","tag-conversaciones-sirio-iranies-para-completar-el-proyecto-del-acuerdo-de-cooperacion-economica-estrategica-a-largo-plazo"],"_links":{"self":[{"href":"https:\/\/archive.sana.sy\/es\/index.php?rest_route=\/wp\/v2\/posts\/97382"}],"collection":[{"href":"https:\/\/archive.sana.sy\/es\/index.php?rest_route=\/wp\/v2\/posts"}],"about":[{"href":"https:\/\/archive.sana.sy\/es\/index.php?rest_route=\/wp\/v2\/types\/post"}],"author":[{"embeddable":true,"href":"https:\/\/archive.sana.sy\/es\/index.php?rest_route=\/wp\/v2\/users\/30"}],"replies":[{"embeddable":true,"href":"https:\/\/archive.sana.sy\/es\/index.php?rest_route=%2Fwp%2Fv2%2Fcomments&post=97382"}],"version-history":[{"count":0,"href":"https:\/\/archive.sana.sy\/es\/index.php?rest_route=\/wp\/v2\/posts\/97382\/revisions"}],"wp:featuredmedia":[{"embeddable":true,"href":"https:\/\/archive.sana.sy\/es\/index.php?rest_route=\/wp\/v2\/media\/97383"}],"wp:attachment":[{"href":"https:\/\/archive.sana.sy\/es\/index.php?rest_route=%2Fwp%2Fv2%2Fmedia&parent=97382"}],"wp:term":[{"taxonomy":"category","embeddable":true,"href":"https:\/\/archive.sana.sy\/es\/index.php?rest_route=%2Fwp%2Fv2%2Fcategories&post=97382"},{"taxonomy":"post_tag","embeddable":true,"href":"https:\/\/archive.sana.sy\/es\/index.php?rest_route=%2Fwp%2Fv2%2Ftags&post=97382"}],"curies":[{"name":"wp","href":"https:\/\/api.w.org\/{rel}","templated":true}]}}