{"id":97464,"date":"2018-12-31T15:45:30","date_gmt":"2018-12-31T13:45:30","guid":{"rendered":"https:\/\/www.sana.sy\/es\/?p=97464"},"modified":"2023-01-10T15:10:12","modified_gmt":"2023-01-10T13:10:12","slug":"siria-e-iran-debatan-vias-para-incrementar-cooperacion-economica-e-intercambio-comercial","status":"publish","type":"post","link":"https:\/\/archive.sana.sy\/es\/?p=97464","title":{"rendered":"Siria e Ir\u00e1n abordan v\u00edas para incrementar cooperaci\u00f3n econ\u00f3mica e intercambio comercial"},"content":{"rendered":"<p style=\"text-align: justify;\"><span style=\"color: #800000;\">Damasco, SANA<\/span><\/p>\n<p style=\"text-align: justify;\">El ministro de Comercio Interior y Protecci\u00f3n del Consumidor, Atef Naddaf, se reuni\u00f3 este lunes en la capital Damasco, con Hassan Danifer, asesor del Primer Vicepresidente de Ir\u00e1n y Secretario del Comit\u00e9 Conjunto para Desarrollo Econ\u00f3mico entre Siria, Ir\u00e1n e Irak.<\/p>\n<p style=\"text-align: justify;\">Ambos repasaron las v\u00edas para incrementar la cooperaci\u00f3n econ\u00f3mica y el intercambio comercial, y enfatizaron la necesidad de elevar la colaboraci\u00f3n econ\u00f3mica al nivel de las relaciones pol\u00edticas entre los dos pa\u00edses.<\/p>\n<p style=\"text-align: justify;\">En la reuni\u00f3n, se subray\u00f3 la importancia de aumentar las exportaciones e importaciones entre los dos pa\u00edses, establecer proyectos de inversi\u00f3n conjunta y reactivar el Tratado de Libre Comercio entre los dos pa\u00edses.<\/p>\n<p style=\"text-align: justify;\">Se acord\u00f3 al final de las conversaciones que un equipo de expertos iran\u00edes eval\u00fae la posibilidad de construir una f\u00e1brica conjunta de jugos, adem\u00e1s de elaborar una lista de los productos iran\u00edes que podr\u00edan mejorar el intercambio comercial.<\/p>\n<p style=\"text-align: justify;\">El ministro Naddaf afirm\u00f3 que el gobierno sirio est\u00e1 comprometido con brindar todo apoyo a los empresarios sirios e iran\u00edes que deseen establecer proyectos de inversi\u00f3n que contribuyan al proceso de reconstrucci\u00f3n y mejoren las relaciones bilaterales.<\/p>\n<p style=\"text-align: justify;\">A su vez, Danifer manifest\u00f3 que Ir\u00e1n est\u00e1 interesado en establecer proyectos de inversi\u00f3n en Siria.<\/p>\n<p style=\"text-align: justify;\"><span style=\"color: #0000ff;\">E. Dubian\/ F. Marouf<\/span><\/p>\n","protected":false},"excerpt":{"rendered":"<p>Damasco, SANA El ministro de Comercio Interior y Protecci\u00f3n del Consumidor, Atef Naddaf, se reuni\u00f3 este lunes en la capital Damasco, con Hassan Danifer, asesor del Primer Vicepresidente de Ir\u00e1n y Secretario del Comit\u00e9 Conjunto para Desarrollo Econ\u00f3mico entre Siria, Ir\u00e1n e Irak. Ambos repasaron las v\u00edas para incrementar la cooperaci\u00f3n econ\u00f3mica y el intercambio &hellip;<\/p>\n","protected":false},"author":1,"featured_media":97467,"comment_status":"closed","ping_status":"closed","sticky":false,"template":"","format":"standard","meta":{"footnotes":""},"categories":[597,485,7541],"tags":[],"class_list":["post-97464","post","type-post","status-publish","format-standard","has-post-thumbnail","","category-cinta-de-noticias","category-informes-negocios-y-finanzas","category-ultimas-noticias"],"_links":{"self":[{"href":"https:\/\/archive.sana.sy\/es\/index.php?rest_route=\/wp\/v2\/posts\/97464"}],"collection":[{"href":"https:\/\/archive.sana.sy\/es\/index.php?rest_route=\/wp\/v2\/posts"}],"about":[{"href":"https:\/\/archive.sana.sy\/es\/index.php?rest_route=\/wp\/v2\/types\/post"}],"author":[{"embeddable":true,"href":"https:\/\/archive.sana.sy\/es\/index.php?rest_route=\/wp\/v2\/users\/1"}],"replies":[{"embeddable":true,"href":"https:\/\/archive.sana.sy\/es\/index.php?rest_route=%2Fwp%2Fv2%2Fcomments&post=97464"}],"version-history":[{"count":0,"href":"https:\/\/archive.sana.sy\/es\/index.php?rest_route=\/wp\/v2\/posts\/97464\/revisions"}],"wp:featuredmedia":[{"embeddable":true,"href":"https:\/\/archive.sana.sy\/es\/index.php?rest_route=\/wp\/v2\/media\/97467"}],"wp:attachment":[{"href":"https:\/\/archive.sana.sy\/es\/index.php?rest_route=%2Fwp%2Fv2%2Fmedia&parent=97464"}],"wp:term":[{"taxonomy":"category","embeddable":true,"href":"https:\/\/archive.sana.sy\/es\/index.php?rest_route=%2Fwp%2Fv2%2Fcategories&post=97464"},{"taxonomy":"post_tag","embeddable":true,"href":"https:\/\/archive.sana.sy\/es\/index.php?rest_route=%2Fwp%2Fv2%2Ftags&post=97464"}],"curies":[{"name":"wp","href":"https:\/\/api.w.org\/{rel}","templated":true}]}}