{"id":97697,"date":"2019-01-06T09:04:30","date_gmt":"2019-01-06T07:04:30","guid":{"rendered":"https:\/\/www.sana.sy\/es\/?p=97697"},"modified":"2023-01-10T15:16:06","modified_gmt":"2023-01-10T13:16:06","slug":"siria-lanza-proyectos-de-electricidad-por-un-valor-de-dos-mil-millones-de-dolares","status":"publish","type":"post","link":"https:\/\/archive.sana.sy\/es\/?p=97697","title":{"rendered":"Siria lanza proyectos de electricidad por un valor de dos mil millones de d\u00f3lares"},"content":{"rendered":"<p style=\"text-align: justify\"><span style=\"color: #800000\">Damasco, SANA<\/span><\/p>\n<p style=\"text-align: justify\">El ministro de Electricidad, Zuhair Kharboutli, dijo que durante los \u00faltimos dos a\u00f1os y tras las victorias del ej\u00e9rcito sirio contra el terrorismo, se trabaj\u00f3 y se logr\u00f3 restablecer la electricidad en las provincias de Alepo, Deraa, Quneitra y Deir Ezzor.<\/p>\n<p style=\"text-align: justify\">En una entrevista concedida a la televisi\u00f3n estatal siria, Kharboutli dijo que &#8220;durante el \u00faltimo mes del 2018 se logr\u00f3 hacer llegar la electricidad al municipio de Mayadeen, 100 km al este de Deir Ezzor, y los t\u00e9cnicos e ingenieros est\u00e1n trabajando para restablecer la energ\u00eda el\u00e9ctrica en las ciudades de Mohassan y Bukamal, en la orilla del r\u00edo \u00c9ufrates, cerca de la frontera con Irak&#8221;.<\/p>\n<p style=\"text-align: justify\">&#8220;Durante los a\u00f1os 2017 y 2018, se pusieron en servicio gigantes proyectos estrat\u00e9gicos de electricidad con una capacidad generadora de hasta 2.200 MW y a un costo de unos dos mil millones de d\u00f3lares&#8221;, revel\u00f3 el ministro sirio.<\/p>\n<p style=\"text-align: justify\">Asimismo, explic\u00f3 que se logr\u00f3 la conexi\u00f3n de todas las redes de alto voltaje para que sea una sola red como era antes de la guerra.<\/p>\n<p style=\"text-align: justify\">El titular sirio habl\u00f3 adem\u00e1s de un plan estrat\u00e9gico del Ministerio de Electricidad para satisfacer la demanda de energ\u00eda el\u00e9ctrica y lograr en 2023 que la capacidad generadora alcance sus niveles antes de la guerra.<\/p>\n<p style=\"text-align: justify\">&#8220;Se est\u00e1n ejecutando proyectos importantes como la ampliaci\u00f3n de la central el\u00e9ctrica de Deir Ali al sur del Damasco, a un costo de mil millones de d\u00f3lares y con una capacidad de generaci\u00f3n adicional de 750 MW&#8221;, precis\u00f3.<\/p>\n<p style=\"text-align: justify\">Otros proyectos que se est\u00e1n ejecutando actualmente es el proyecto de una central el\u00e9ctrica en la provincia de Latakia con una capacidad de 450 MW y a un costo de 411 millones de euros, y se est\u00e1 construyendo un grupo de generaci\u00f3n en la provincia de Deir Ezzor que trabaja con combustible y gas con una capacidad hasta 350 MW, adem\u00e1s de ejecutar un grupo de generaci\u00f3n en Alepo con capacidad de 350 MW.<\/p>\n<p style=\"text-align: justify\"><span style=\"color: #0000ff\">F. Marouf\/ Ammar H.<\/span><\/p>\n","protected":false},"excerpt":{"rendered":"<p>Damasco, SANA El ministro de Electricidad, Zuhair Kharboutli, dijo que durante los \u00faltimos dos a\u00f1os y tras las victorias del ej\u00e9rcito sirio contra el terrorismo, se trabaj\u00f3 y se logr\u00f3 restablecer la electricidad en las provincias de Alepo, Deraa, Quneitra y Deir Ezzor. En una entrevista concedida a la televisi\u00f3n estatal siria, Kharboutli dijo que &hellip;<\/p>\n","protected":false},"author":30,"featured_media":60449,"comment_status":"closed","ping_status":"closed","sticky":false,"template":"","format":"standard","meta":{"footnotes":""},"categories":[597,485,476,7541],"tags":[13933],"class_list":["post-97697","post","type-post","status-publish","format-standard","has-post-thumbnail","","category-cinta-de-noticias","category-informes-negocios-y-finanzas","category-locales","category-ultimas-noticias","tag-siria-lanza-proyectos-de-electricidad-por-un-valor-de-dos-mil-millones-de-dolares"],"_links":{"self":[{"href":"https:\/\/archive.sana.sy\/es\/index.php?rest_route=\/wp\/v2\/posts\/97697"}],"collection":[{"href":"https:\/\/archive.sana.sy\/es\/index.php?rest_route=\/wp\/v2\/posts"}],"about":[{"href":"https:\/\/archive.sana.sy\/es\/index.php?rest_route=\/wp\/v2\/types\/post"}],"author":[{"embeddable":true,"href":"https:\/\/archive.sana.sy\/es\/index.php?rest_route=\/wp\/v2\/users\/30"}],"replies":[{"embeddable":true,"href":"https:\/\/archive.sana.sy\/es\/index.php?rest_route=%2Fwp%2Fv2%2Fcomments&post=97697"}],"version-history":[{"count":0,"href":"https:\/\/archive.sana.sy\/es\/index.php?rest_route=\/wp\/v2\/posts\/97697\/revisions"}],"wp:featuredmedia":[{"embeddable":true,"href":"https:\/\/archive.sana.sy\/es\/index.php?rest_route=\/wp\/v2\/media\/60449"}],"wp:attachment":[{"href":"https:\/\/archive.sana.sy\/es\/index.php?rest_route=%2Fwp%2Fv2%2Fmedia&parent=97697"}],"wp:term":[{"taxonomy":"category","embeddable":true,"href":"https:\/\/archive.sana.sy\/es\/index.php?rest_route=%2Fwp%2Fv2%2Fcategories&post=97697"},{"taxonomy":"post_tag","embeddable":true,"href":"https:\/\/archive.sana.sy\/es\/index.php?rest_route=%2Fwp%2Fv2%2Ftags&post=97697"}],"curies":[{"name":"wp","href":"https:\/\/api.w.org\/{rel}","templated":true}]}}