{"id":97755,"date":"2019-01-07T08:45:23","date_gmt":"2019-01-07T06:45:23","guid":{"rendered":"https:\/\/www.sana.sy\/es\/?p=97755"},"modified":"2019-01-07T11:18:54","modified_gmt":"2019-01-07T09:18:54","slug":"continua-el-retorno-de-desplazados-y-refugiados-a-sus-zonas-liberadas-del-terrorismo","status":"publish","type":"post","link":"https:\/\/archive.sana.sy\/es\/?p=97755","title":{"rendered":"Contin\u00faa el retorno de desplazados y refugiados a sus zonas liberadas del terrorismo"},"content":{"rendered":"<p style=\"text-align: justify\"><span style=\"color: #800000\">Provincias, SANA<\/span><\/p>\n<p style=\"text-align: justify\">Contin\u00faa el retorno de desplazados sirios a sus hogares en los poblados y ciudades liberadas de los grupos terroristas. Durante el a\u00f1o pasado, el gobierno sirio anunci\u00f3 que 4.2 millones de desplazados volvieron a sus hogares.<\/p>\n<p style=\"text-align: justify\">En los primeros d\u00edas del a\u00f1o en curso y pese a las malas condiciones del tiempo y las bajas temperaturas, se registr\u00f3 un notable movimiento de retorno de refugiados y desplazados.<\/p>\n<p style=\"text-align: justify\">Por otro lado, se sigue la distribuci\u00f3n de asistencia humanitaria por parte de la Media Luna Roja Siria a las familias desplazadas necesitadas.<\/p>\n<p style=\"text-align: justify\">A continuaci\u00f3n, daremos a conocer las noticias sobre este asunto desde el inicio del a\u00f1o en curso:<\/p>\n<p style=\"text-align: justify\"><span style=\"color: #0000ff\">Cientos de desplazados vuelven a sus hogares en la provincia de Deir Ezzor<\/span><\/p>\n<p style=\"text-align: justify\">Cientos de personas desplazadas de la provincia oriental de Deir Ezzor regresaron a sus hogares en las zonas liberadas del terrorismo del Daesh.<\/p>\n<p style=\"text-align: justify\">Los desplazados, que fueron obligados a abandonar sus localidades debido a los cr\u00edmenes de los terroristas del Daesh, volvieron a trav\u00e9s del paso de Salhieh establecido por el ej\u00e9rcito y las autoridades sirias en el r\u00edo \u00c9ufrates.<\/p>\n<p style=\"text-align: justify\">Entre las personas retornadas hay decenas de militares fugados que fueron indultados y decidieron reincorporarse a las filas del ej\u00e9rcito.<\/p>\n<p style=\"text-align: justify\">Por otro lado, decenas de j\u00f3venes que se desplazaron hacia las zonas del Este del \u00c9ufrates, decidieron tambi\u00e9n volver y alistarse al ej\u00e9rcito para cumplir su servicio militar obligatorio.<\/p>\n<p style=\"text-align: justify\">Para garantizar un regreso seguro y c\u00f3modo de los desplazados, la gobernaci\u00f3n moviliz\u00f3 cl\u00ednicas m\u00f3viles y equipos m\u00e9dicos para ofrecer chequeos m\u00e9dicos y vacunas gratuitas a los ni\u00f1os y ancianos.<\/p>\n<p style=\"text-align: justify\">Casi un millar de refugiados sirios regresan del L\u00edbano y Jordania en un d\u00eda.<\/p>\n<p style=\"text-align: justify\">Casi 1.000 refugiados sirios regresaron en menos de 24 horas a su pa\u00eds procedentes del L\u00edbano y de Jordania.<\/p>\n<p style=\"text-align: justify\">Un bolet\u00edn informativo del Centro de acogida, distribuci\u00f3n y alojamiento de los refugiados inform\u00f3 que &#8220;en la \u00faltima jornada regresaron a Siria 997 refugiados, incluidos 448 del L\u00edbano y 549 del territorio de Jordania&#8221;.<\/p>\n<p style=\"text-align: justify\">El bolet\u00edn hace constancia, adem\u00e1s, del retorno a sus hogares de 166 desplazados internos.<\/p>\n<p style=\"text-align: justify\"><span style=\"color: #0000ff\">Tras el despliegue del ej\u00e9rcito, los desplazados empiezan a volver a sus hogares en Manbej<\/span><\/p>\n<p style=\"text-align: justify\">Un d\u00eda despu\u00e9s de la retirada de las milicias kurdas del municipio de Manbej en el nordeste de Alepo, decenas de familias desplazadas han empezado a volver a sus hogares en las zonas liberadas del terrorismo.<\/p>\n<p style=\"text-align: justify\">El retorno de los desplazados se efect\u00faa a trav\u00e9s del paso Al-Taiha en el campo de Manbej, donde unidades militares del ej\u00e9rcito y equipos m\u00e9dicos tomaron todas las medidas necesarias para facilitar la vuelta de los civiles.<\/p>\n<p style=\"text-align: justify\">La vuelta de los civiles se produce despu\u00e9s de que unidades del ej\u00e9rcito sirio se desplegaran en la zona para instaurar la seguridad y estabilidad.<\/p>\n<p style=\"text-align: justify\"><span style=\"color: #0000ff\">500 desplazados retornan a sus poblados a trav\u00e9s del cruce Salhiya en el rio \u00c9ufrates<\/span><\/p>\n<p style=\"text-align: justify\">Centenares de personas desplazadas a consecuencia de las salvajadas de los terroristas del Daesh, regresaron en las \u00faltimas 24 horas a sus hogares a trav\u00e9s del cruce Salhiya en la provincia de Deir Ezzor.<\/p>\n<p style=\"text-align: justify\">Seg\u00fan informaron fuentes gubernamentales, 500 desplazados retornaron por la v\u00eda del mencionado cruce que enlaza ambas orillas del rio \u00c9ufrates, a sus pueblos y localidades liberadas del terrorismo de Daesh por el ej\u00e9rcito sirio.<\/p>\n<p style=\"text-align: justify\">Entre los desplazados, hubo militares desertados y j\u00f3venes que huyeron del servicio militar, y todos fueron indultados en un acto popular que se celebr\u00f3 en el pueblo de Salhiya.<\/p>\n<p style=\"text-align: justify\"><span style=\"color: #0000ff\">MLRAS entrega ayuda a las familias en el campamento Al-Hol en Hassakeh<\/span><\/p>\n<p style=\"text-align: justify\">La Media Luna Roja \u00c1rabe Siria (MLRAS) en la provincia nororiental siria de Hassakeh continu\u00f3 la distribuci\u00f3n de ayuda humanitaria a las familias desplazadas en el campamento Al-Hol, 45 km al este de la ciudad de Hassakeh.<\/p>\n<p style=\"text-align: justify\">En un comunicado, la MILRAS inform\u00f3 que sus equipos de socorro ofrecen desde el d\u00eda 24 de este mes, asistencia humanitaria para m\u00e1s de 3800 familias que viven en el campamento Al-Hol.<\/p>\n<p style=\"text-align: justify\">El comunicado aclar\u00f3 que la repartici\u00f3n de canastas de alimentos y art\u00edculos de primera necesidad continuar\u00e1 hasta el \u00faltimo d\u00eda del a\u00f1o.<\/p>\n<p style=\"text-align: justify\">\u201cFueron entregadas 3.057 canastas de alimentos, 1.026 canastas de comida enlatada, 3.600 canastas de art\u00edculos salud, 8.000 mantas, 595 canastas de ropas de invierno para mujeres, 117 paquetes de mantequilla de pistacho y 248 paquetes de pa\u00f1ales para ancianos\u201d, detall\u00f3 el comunicado.<\/p>\n<p style=\"text-align: justify\">La ayuda repartida es proporcionada por el Comit\u00e9 Internacional de Cruz Roja, el Programa Mundial de Alimentos y la UNICEF.<\/p>\n<p style=\"text-align: justify\">Im\u00e1genes difundidas por diferentes portales de noticias muestran la p\u00e9sima situaci\u00f3n que viven las familias desplazadas en ese campamento a consecuencia de las torrenciales lluvias.<\/p>\n<p style=\"text-align: justify\"><span style=\"color: #0000ff\">F. Marouf\/ Ammar H.<\/span><\/p>\n","protected":false},"excerpt":{"rendered":"<p>Provincias, SANA Contin\u00faa el retorno de desplazados sirios a sus hogares en los poblados y ciudades liberadas de los grupos terroristas. Durante el a\u00f1o pasado, el gobierno sirio anunci\u00f3 que 4.2 millones de desplazados volvieron a sus hogares. En los primeros d\u00edas del a\u00f1o en curso y pese a las malas condiciones del tiempo y &hellip;<\/p>\n","protected":false},"author":30,"featured_media":95091,"comment_status":"closed","ping_status":"closed","sticky":false,"template":"","format":"standard","meta":{"footnotes":""},"categories":[597,476,583],"tags":[13946],"class_list":["post-97755","post","type-post","status-publish","format-standard","has-post-thumbnail","","category-cinta-de-noticias","category-locales","category-slide","tag-continua-el-retorno-de-desplazados-y-refugiados-a-sus-zonas-liberadas-del-terrorismo"],"_links":{"self":[{"href":"https:\/\/archive.sana.sy\/es\/index.php?rest_route=\/wp\/v2\/posts\/97755"}],"collection":[{"href":"https:\/\/archive.sana.sy\/es\/index.php?rest_route=\/wp\/v2\/posts"}],"about":[{"href":"https:\/\/archive.sana.sy\/es\/index.php?rest_route=\/wp\/v2\/types\/post"}],"author":[{"embeddable":true,"href":"https:\/\/archive.sana.sy\/es\/index.php?rest_route=\/wp\/v2\/users\/30"}],"replies":[{"embeddable":true,"href":"https:\/\/archive.sana.sy\/es\/index.php?rest_route=%2Fwp%2Fv2%2Fcomments&post=97755"}],"version-history":[{"count":0,"href":"https:\/\/archive.sana.sy\/es\/index.php?rest_route=\/wp\/v2\/posts\/97755\/revisions"}],"wp:featuredmedia":[{"embeddable":true,"href":"https:\/\/archive.sana.sy\/es\/index.php?rest_route=\/wp\/v2\/media\/95091"}],"wp:attachment":[{"href":"https:\/\/archive.sana.sy\/es\/index.php?rest_route=%2Fwp%2Fv2%2Fmedia&parent=97755"}],"wp:term":[{"taxonomy":"category","embeddable":true,"href":"https:\/\/archive.sana.sy\/es\/index.php?rest_route=%2Fwp%2Fv2%2Fcategories&post=97755"},{"taxonomy":"post_tag","embeddable":true,"href":"https:\/\/archive.sana.sy\/es\/index.php?rest_route=%2Fwp%2Fv2%2Ftags&post=97755"}],"curies":[{"name":"wp","href":"https:\/\/api.w.org\/{rel}","templated":true}]}}