{"id":97757,"date":"2019-01-07T08:50:17","date_gmt":"2019-01-07T06:50:17","guid":{"rendered":"https:\/\/www.sana.sy\/es\/?p=97757"},"modified":"2023-01-10T15:10:11","modified_gmt":"2023-01-10T13:10:11","slug":"97757","status":"publish","type":"post","link":"https:\/\/archive.sana.sy\/es\/?p=97757","title":{"rendered":"Recientes noticias sobre la recuperaci\u00f3n econ\u00f3mica, educativa y cultural de Siria"},"content":{"rendered":"<p style=\"text-align: justify\"><span style=\"color: #800000\">Provincias, SANA<\/span><\/p>\n<p style=\"text-align: justify\">Los datos publicados por las autoridades sirias muestran una destacada recuperaci\u00f3n de los sectores de Educaci\u00f3n y Ense\u00f1anza Superior durante el 2018\u2026<\/p>\n<p style=\"text-align: justify\">A continuaci\u00f3n, daremos a conocer cifras del saldo del trabajo durante el a\u00f1o pasado en los sectores de Educaci\u00f3n y Educaci\u00f3n Superior, adem\u00e1s de diversas noticias culturales, econ\u00f3micas y de cooperaci\u00f3n con los pa\u00edses amigos:<\/p>\n<p style=\"text-align: justify\"><span style=\"color: #0000ff\">Saldo positivo del trabajo del Ministerio de Educaci\u00f3n Superior durante 2018<\/span><\/p>\n<p style=\"text-align: justify\">El Ministerio de Educaci\u00f3n Superior tom\u00f3 durante el a\u00f1o 2018 varias medidas y resoluciones para mejorar la realidad cient\u00edfica y acad\u00e9mica en las universidades p\u00fablicas y privadas donde alrededor de 700 mil j\u00f3venes cursan estudios.<\/p>\n<p style=\"text-align: justify\">Por otro lado, el ministerio facilit\u00f3 el retorno de los estudiantes que por las circunstancias de la guerra, tuvieron que trasladarse a otras universidades, y en este sentido, miles de estudiante retornaron a la universidad del \u00c9ufrates en Deir Ezzor y la Universidad de Alepo, tras consolidarse la seguridad en esas provincias.<\/p>\n<p style=\"text-align: justify\">Asimismo, se aprob\u00f3 una nueva estrategia para mejorar el lugar de las universidades sirias en las clasificaciones mundiales, desarrollar la investigaci\u00f3n cient\u00edfica y consolidar la cooperaci\u00f3n acad\u00e9mica con los pa\u00edses amigos y organizaciones internacionales.<\/p>\n<p style=\"text-align: justify\"><span style=\"color: #0000ff\">Mencionaremos a continuaci\u00f3n algunas de las noticias m\u00e1s destacadas en el campo de educaci\u00f3n superior durante 2018:<\/span><\/p>\n<p style=\"text-align: justify\">&#8211; Hospitales universitarios ofrecen seis millones de servicios de salud, completamente gratuitos.<\/p>\n<p style=\"text-align: justify\">&#8211; Apertura de la Universidad privada de Antioqu\u00eda en Damasco-campo.<\/p>\n<p style=\"text-align: justify\">&#8211; Rusia ofrece 500 becas de diferentes especialidades para j\u00f3venes sirios.<\/p>\n<p style=\"text-align: justify\">&#8211; Gobierno indio ofrece 1000 becas universitarias para j\u00f3venes sirios.<\/p>\n<p style=\"text-align: justify\">&#8211; Siria e Ir\u00e1n firman Memor\u00e1ndum de Entendimiento en el campo de Educaci\u00f3n Superior e Investigaci\u00f3n Cient\u00edfica.<\/p>\n<p style=\"text-align: justify\">&#8211; Siria y Cuba firman Programa Ejecutivo del Acuerdo de Cooperaci\u00f3n Acad\u00e9mica y Cultural.<\/p>\n<p style=\"text-align: justify\">&#8211; Cuba, Egipto, Indonesia y Eslovaquia ofrecen becas de estudio universitario para j\u00f3venes sirios.<\/p>\n<p style=\"text-align: justify\"><span style=\"color: #0000ff\">Ministerio de Educaci\u00f3n rehabilita a m\u00e1s de 2600 escuelas durante el 2018<\/span><\/p>\n<p style=\"text-align: justify\">El Ministerio de Educaci\u00f3n anunci\u00f3 en un comunicado, que sus esfuerzos y actividades durante el 2018 se centraron en la rehabilitaci\u00f3n de las escuelas en las zonas liberadas del terrorismo por el ej\u00e9rcito sirio, adem\u00e1s de asegurar los requisitos del proceso docente educativo y dar empleo a miles de educadores para cubrir las necesidades del personal docente.<\/p>\n<p style=\"text-align: justify\">El comunicado inform\u00f3 que el ministerio dio empleos a m\u00e1s de 30.000 personas durante el 2018, entre ellos hay 19 mil 800 profesores para las diferentes etapas escolares.<\/p>\n<p style=\"text-align: justify\">\u201cEl n\u00famero de escuelas durante el a\u00f1o acad\u00e9mico 2017-2018 ascendi\u00f3 a 13 mil 985, mientras que las escuelas rehabilitadas durante el a\u00f1o 2018 lleg\u00f3 a dos mil 623 en las diferentes provincias del pa\u00eds\u201d, detall\u00f3 el Ministerio.<\/p>\n<p style=\"text-align: justify\">Por otro lado, el Ministerio proporcion\u00f3 libros de texto gratuitos para todos los estudiantes de todas las etapas educativas, y revel\u00f3 que el n\u00famero de estudiantes durante el a\u00f1o acad\u00e9mico 2017-2018 en todas las etapas y en todas las provincias, lleg\u00f3 a tres millones 925 mil.<\/p>\n<p style=\"text-align: justify\"><span style=\"color: #0000ff\">Siria e Ir\u00e1n firman acuerdo de cooperaci\u00f3n econ\u00f3mica estrat\u00e9gica a largo plazo<\/span><\/p>\n<p style=\"text-align: justify\">Siria e Ir\u00e1n rubricaron en Teher\u00e1n el acuerdo de cooperaci\u00f3n econ\u00f3mica estrat\u00e9gica a largo plazo.<\/p>\n<p style=\"text-align: justify\">El acuerdo fue firmado por el Ministro de Econom\u00eda y Comercio Exterior sirio, Mohammad Samer Khalil, y el Ministro de Carreteras y Urbanizaci\u00f3n de Ir\u00e1n, Mohammad Isalmi.<\/p>\n<p style=\"text-align: justify\">Durante el acto de firma del acuerdo, el ministro Al-Khalil dijo que \u201clas relaciones entre los dos pa\u00edses son excelentes en diferentes niveles, y esper\u00f3 que la cooperaci\u00f3n econ\u00f3mica alcance el nivel de los dem\u00e1s \u00e1mbitos\u201d.<\/p>\n<p style=\"text-align: justify\">Puntualiz\u00f3 que este acuerdo facilita el intercambio comercial y elimina los obst\u00e1culos que impiden el desarrollo de la cooperaci\u00f3n bilateral.<\/p>\n<p style=\"text-align: justify\">A su vez, el Titular iran\u00ed destac\u00f3 que \u201clas relaciones hist\u00f3ricas entre los dos pa\u00edses han llegado a una coyuntura importante\u201d, y agreg\u00f3 que \u201clos esfuerzos realizados por los gobiernos y pueblos de los dos pa\u00edses permitir\u00edan una seguridad y paz sostenible en la regi\u00f3n\u201d.<\/p>\n<p style=\"text-align: justify\"><span style=\"color: #0000ff\">Universidad de Alepo celebra el D\u00eda Mundial del Idioma \u00c1rabe<\/span><\/p>\n<p style=\"text-align: justify\">El Instituto Superior de Idiomas de la Facultad de Humanidades de la Universidad de Alepo organiz\u00f3 una ceremonia con motivo del D\u00eda Mundial de la Lengua \u00c1rabe.<\/p>\n<p style=\"text-align: justify\">La ceremonia incluy\u00f3 simposios y conferencias sobre la importancia de la preservaci\u00f3n del \u00c1rabe y la visi\u00f3n de los escritores occidentales respecto a la misma.<\/p>\n<p style=\"text-align: justify\">\u201cEl idioma \u00e1rabe es elemento esencial que une a los \u00e1rabes, y es importante que los nuevos graduados preserven este idioma y lo ense\u00f1en a las pr\u00f3ximas generaciones\u201d, dijo Ahmad Dualibi, decano de la Facultad de Humanidades, en una de sus intervenciones.<\/p>\n<p style=\"text-align: justify\">A su vez, la decana del Instituto Superior de Idiomas en la Universidad de Alepo, Reem Chamieh, dijo que estas actividades constituyen un reconocimiento a este idioma en su D\u00eda Mundial.<\/p>\n<p style=\"text-align: justify\">El D\u00eda Internacional de la Lengua \u00c1rabe fue anunciado por las Naciones Unidas en 1973 al aprobarla como uno de los idiomas oficiales en la ONU.<\/p>\n<p style=\"text-align: justify\"><span style=\"color: #0000ff\">75 compa\u00f1\u00edas participan en el festival de compras \u201cFarah\u201d en Alepo<\/span><\/p>\n<p style=\"text-align: justify\">Con la participaci\u00f3n de m\u00e1s de 75 empresas textiles, alimentarias y de industrias qu\u00edmicas, el festival de compras \u201cFarah\u201d o \u201cAlegr\u00eda\u201d contin\u00faa sus actividades en la ciudad de Alepo.<\/p>\n<p style=\"text-align: justify\">El evento que durar\u00e1 ocho d\u00edas, es organizado por la gobernaci\u00f3n de Alepo y el Grupo \u201cAwttar\u201d para Marketing.<\/p>\n<p style=\"text-align: justify\">En los diferentes pabellones del festival se exhiben una variedad de productos alimenticios, ropas, telas, jabones, detergentes y cosm\u00e9ticos.<\/p>\n<p style=\"text-align: justify\">El director del festival, Majeed Rokbi, dijo que el evento ofrece a los participantes la oportunidad de presentar sus productos y hacer ventas directas al consumidor, y permitir que los ciudadanos se beneficien de los precios reducidos durante el per\u00edodo del festival.<\/p>\n<p style=\"text-align: justify\"><span style=\"color: #0000ff\">Restablecen corriente el\u00e9ctrica en m\u00e1s de 35 localidades del campo de Quneitra<\/span><\/p>\n<p style=\"text-align: justify\">Los talleres de mantenimiento de la Compa\u00f1\u00eda P\u00fablica de Electricidad de Quneitra restablecieron la corriente el\u00e9ctrica en m\u00e1s de 35 localidades y poblados en el campo de esa provincia suroccidental.<\/p>\n<p style=\"text-align: justify\">Esa provincia sufri\u00f3 de un corte el\u00e9ctrico que dur\u00f3 m\u00e1s de cinco a\u00f1os debido a los actos de sabotaje llevado a cabo por los terroristas contra las plantas transformadoras y las centrales el\u00e9ctricas.<\/p>\n<p style=\"text-align: justify\"><span style=\"color: #0000ff\">Documental sirio gana el gran premio del Festival \u00c1rabe-africano de Documentales<\/span><\/p>\n<p style=\"text-align: justify\">El documental sirio \u201cJazm\u00edn\u201d del cineasta Muhannad Kalthoum, gan\u00f3 el Gran Premio de la S\u00e9ptima Edici\u00f3n del Festival Internacional \u00c1rabe-Africano de Documentales que se clausur\u00f3 en la ciudad marroqu\u00ed de Zagora.<\/p>\n<p style=\"text-align: justify\">Participaron en el Festival que celebr\u00f3 su edici\u00f3n este a\u00f1o bajo el t\u00edtulo: &#8220;Cultura de los pueblos a trav\u00e9s del cine documental&#8221;, m\u00e1s de 12 documentales de diferentes pa\u00edses \u00e1rabes, africanos y extranjeros.<\/p>\n<p style=\"text-align: justify\">El jurado del festival expres\u00f3 que la pel\u00edcula \u201cJazm\u00edn\u201d refleja el sufrimiento real de los ni\u00f1os sirios debido a la guerra librada contra su patria, y logr\u00f3 crear efecto notable a trav\u00e9s del escenario y la secuencia de historias contadas por los inocentes ni\u00f1os que a\u00fan tienen esperanza de seguir viviendo.<\/p>\n<p style=\"text-align: justify\">El documental \u201cJazm\u00edn\u201d gan\u00f3 m\u00e1s de 75 premios en sus participaciones internacionales y \u00e1rabes, y obtuvo gran reconocimiento y admiraci\u00f3n por los jurados y la audiencia.<\/p>\n<p style=\"text-align: justify\"><span style=\"color: #0000ff\">F. Marouf\/ Ammar H.<\/span><\/p>\n","protected":false},"excerpt":{"rendered":"<p>Provincias, SANA Los datos publicados por las autoridades sirias muestran una destacada recuperaci\u00f3n de los sectores de Educaci\u00f3n y Ense\u00f1anza Superior durante el 2018\u2026 A continuaci\u00f3n, daremos a conocer cifras del saldo del trabajo durante el a\u00f1o pasado en los sectores de Educaci\u00f3n y Educaci\u00f3n Superior, adem\u00e1s de diversas noticias culturales, econ\u00f3micas y de cooperaci\u00f3n &hellip;<\/p>\n","protected":false},"author":30,"featured_media":97359,"comment_status":"closed","ping_status":"closed","sticky":false,"template":"","format":"standard","meta":{"footnotes":""},"categories":[597,485,476,7541],"tags":[13949],"class_list":["post-97757","post","type-post","status-publish","format-standard","has-post-thumbnail","","category-cinta-de-noticias","category-informes-negocios-y-finanzas","category-locales","category-ultimas-noticias","tag-recientes-noticias-sobre-la-recuperacion-economica-educativa-y-cultural-de-siria"],"_links":{"self":[{"href":"https:\/\/archive.sana.sy\/es\/index.php?rest_route=\/wp\/v2\/posts\/97757"}],"collection":[{"href":"https:\/\/archive.sana.sy\/es\/index.php?rest_route=\/wp\/v2\/posts"}],"about":[{"href":"https:\/\/archive.sana.sy\/es\/index.php?rest_route=\/wp\/v2\/types\/post"}],"author":[{"embeddable":true,"href":"https:\/\/archive.sana.sy\/es\/index.php?rest_route=\/wp\/v2\/users\/30"}],"replies":[{"embeddable":true,"href":"https:\/\/archive.sana.sy\/es\/index.php?rest_route=%2Fwp%2Fv2%2Fcomments&post=97757"}],"version-history":[{"count":0,"href":"https:\/\/archive.sana.sy\/es\/index.php?rest_route=\/wp\/v2\/posts\/97757\/revisions"}],"wp:featuredmedia":[{"embeddable":true,"href":"https:\/\/archive.sana.sy\/es\/index.php?rest_route=\/wp\/v2\/media\/97359"}],"wp:attachment":[{"href":"https:\/\/archive.sana.sy\/es\/index.php?rest_route=%2Fwp%2Fv2%2Fmedia&parent=97757"}],"wp:term":[{"taxonomy":"category","embeddable":true,"href":"https:\/\/archive.sana.sy\/es\/index.php?rest_route=%2Fwp%2Fv2%2Fcategories&post=97757"},{"taxonomy":"post_tag","embeddable":true,"href":"https:\/\/archive.sana.sy\/es\/index.php?rest_route=%2Fwp%2Fv2%2Ftags&post=97757"}],"curies":[{"name":"wp","href":"https:\/\/api.w.org\/{rel}","templated":true}]}}