{"id":97789,"date":"2019-01-07T17:05:49","date_gmt":"2019-01-07T15:05:49","guid":{"rendered":"https:\/\/www.sana.sy\/es\/?p=97789"},"modified":"2019-08-21T22:45:30","modified_gmt":"2019-08-21T19:45:30","slug":"presidente-al-assad-recibe-a-una-delegacion-de-la-union-de-abogados-arabes","status":"publish","type":"post","link":"https:\/\/archive.sana.sy\/es\/?p=97789","title":{"rendered":"Presidente Al-Assad recibe a una delegaci\u00f3n de la Uni\u00f3n de Abogados \u00c1rabes"},"content":{"rendered":"<p style=\"text-align: justify;\"><span style=\"color: #800000;\">Damasco, SANA<\/span><\/p>\n<p style=\"text-align: justify;\">El presidente Bashar Al-Assad, recibi\u00f3 a una delegaci\u00f3n de la Uni\u00f3n de Abogados \u00c1rabes encabezada por Nasser Hamoud al-Kerween, Secretario General de la Uni\u00f3n.<\/p>\n<p style=\"text-align: justify;\">El presidente destac\u00f3 durante su reuni\u00f3n con la delegaci\u00f3n el importante papel de las organizaciones y federaciones de masa en la preservaci\u00f3n y sensibilizaci\u00f3n de las sociedades \u00e1rabes, especialmente a la luz de las conspiraciones y los peligros que amenazan la identidad del pueblo \u00e1rabe y los intentos de debilitar su fe en sus causas y en su capacidad de defender a sus derechos.<\/p>\n<p style=\"text-align: justify;\">Los temas abordados en la reuni\u00f3n abarcaron la situaci\u00f3n en los pa\u00edses \u00e1rabes y las formas de superar los problemas y las crisis que los aquejan.<\/p>\n<p style=\"text-align: justify;\">En este sentido, el presidente al-Assad consider\u00f3 que los problemas experimentados por los pa\u00edses \u00e1rabes son los mismos pero tienen diferentes formas y manifestaciones, e indic\u00f3 que el primer paso para el tratamiento de esos problemas es el di\u00e1logo si no esos problemas se acumulan a lo largo del tiempo.<\/p>\n<p style=\"text-align: justify;\">Por su parte, los miembros de la delegaci\u00f3n expresaron la voluntad de la Uni\u00f3n de Abogados \u00c1rabes de desempe\u00f1ar un rol efectivo a trav\u00e9s de un plan sistem\u00e1tico y pr\u00e1ctico encaminado a elevar la conciencia de los pueblos \u00e1rabes.<\/p>\n<p style=\"text-align: justify;\">Destacaron que la pr\u00f3xima etapa ser\u00e1 m\u00e1s peligrosa y Occidente intentar\u00e1 utilizar nuevas herramientas y medios para materializar sus proyectos en la regi\u00f3n.<\/p>\n<p style=\"text-align: justify;\">Asimismo, felicitaron al gobierno, al pueblo y al ej\u00e9rcito de Siria por la firmeza y cohesi\u00f3n que mostraron ante la embestida terrorista.<\/p>\n<p style=\"text-align: justify;\">Llamaron a normalizar las relaciones entre Siria y los pa\u00edses \u00e1rabes, y consideraron que la agresi\u00f3n contra Siria se debe a su adhesi\u00f3n a los principios nacionales y las constantes \u00e1rabes, a su frente la causa palestina.<\/p>\n<p style=\"text-align: justify;\">La delegaci\u00f3n incluye al presidente de la Uni\u00f3n de Abogados \u00c1rabes, los decanos de Abogados de Egipto y Jordania, y los sub secretarios generales de la Uni\u00f3n de Abogados \u00c1rabes.<\/p>\n<p style=\"text-align: justify;\"><span style=\"color: #0000ff;\">F. Marouf\/ E. Dubian\u00a0<\/span><\/p>\n","protected":false},"excerpt":{"rendered":"<p>Damasco, SANA El presidente Bashar Al-Assad, recibi\u00f3 a una delegaci\u00f3n de la Uni\u00f3n de Abogados \u00c1rabes encabezada por Nasser Hamoud al-Kerween, Secretario General de la Uni\u00f3n. El presidente destac\u00f3 durante su reuni\u00f3n con la delegaci\u00f3n el importante papel de las organizaciones y federaciones de masa en la preservaci\u00f3n y sensibilizaci\u00f3n de las sociedades \u00e1rabes, especialmente &hellip;<\/p>\n","protected":false},"author":1,"featured_media":97790,"comment_status":"closed","ping_status":"closed","sticky":false,"template":"","format":"standard","meta":{"footnotes":""},"categories":[597,16237,583,626],"tags":[13951],"class_list":["post-97789","post","type-post","status-publish","format-standard","has-post-thumbnail","","category-cinta-de-noticias","category-presidence-de-la-republique-arabe-syria","category-slide","category-sr-presidente","tag-presidente-al-assad-recibe-a-una-delegacion-de-la-union-de-abogados-arabes"],"_links":{"self":[{"href":"https:\/\/archive.sana.sy\/es\/index.php?rest_route=\/wp\/v2\/posts\/97789"}],"collection":[{"href":"https:\/\/archive.sana.sy\/es\/index.php?rest_route=\/wp\/v2\/posts"}],"about":[{"href":"https:\/\/archive.sana.sy\/es\/index.php?rest_route=\/wp\/v2\/types\/post"}],"author":[{"embeddable":true,"href":"https:\/\/archive.sana.sy\/es\/index.php?rest_route=\/wp\/v2\/users\/1"}],"replies":[{"embeddable":true,"href":"https:\/\/archive.sana.sy\/es\/index.php?rest_route=%2Fwp%2Fv2%2Fcomments&post=97789"}],"version-history":[{"count":0,"href":"https:\/\/archive.sana.sy\/es\/index.php?rest_route=\/wp\/v2\/posts\/97789\/revisions"}],"wp:featuredmedia":[{"embeddable":true,"href":"https:\/\/archive.sana.sy\/es\/index.php?rest_route=\/wp\/v2\/media\/97790"}],"wp:attachment":[{"href":"https:\/\/archive.sana.sy\/es\/index.php?rest_route=%2Fwp%2Fv2%2Fmedia&parent=97789"}],"wp:term":[{"taxonomy":"category","embeddable":true,"href":"https:\/\/archive.sana.sy\/es\/index.php?rest_route=%2Fwp%2Fv2%2Fcategories&post=97789"},{"taxonomy":"post_tag","embeddable":true,"href":"https:\/\/archive.sana.sy\/es\/index.php?rest_route=%2Fwp%2Fv2%2Ftags&post=97789"}],"curies":[{"name":"wp","href":"https:\/\/api.w.org\/{rel}","templated":true}]}}