{"id":98081,"date":"2019-01-13T08:55:12","date_gmt":"2019-01-13T06:55:12","guid":{"rendered":"https:\/\/www.sana.sy\/es\/?p=98081"},"modified":"2019-01-13T08:55:12","modified_gmt":"2019-01-13T06:55:12","slug":"aerolineas-arabes-chequean-instalaciones-del-aeropuerto-internacional-de-damasco-con-el-fin-de-reanudar-sus-vuelos","status":"publish","type":"post","link":"https:\/\/archive.sana.sy\/es\/?p=98081","title":{"rendered":"Aerol\u00edneas \u00e1rabes chequean instalaciones del Aeropuerto Internacional de Damasco con el fin de reanudar sus vuelos"},"content":{"rendered":"<p style=\"text-align: justify\"><span style=\"color: #800000\">Damasco, SANA<\/span><\/p>\n<p style=\"text-align: justify\">La Compa\u00f1\u00eda Siria de Aviaci\u00f3n &#8220;Syrian Arab Airlines&#8221; anunci\u00f3 que una delegaci\u00f3n de la Compa\u00f1\u00eda Oman\u00ed de Aviaci\u00f3n &#8220;Oman Air&#8221; visit\u00f3 hace dos d\u00edas las instalaciones del Aeropuerto Internacional de Damasco y estuvo al tanto de la situaci\u00f3n t\u00e9cnica en el mismo, con el fin de reanudar sus vuelos a Damasco.<\/p>\n<p style=\"text-align: justify\">La directora general de &#8220;Syrian Arab Airlines&#8221;, Shefa Al-Nouri, dijo que las dos compa\u00f1\u00edas a\u00e9reas: &#8220;Khalij&#8221; de Bahr\u00e9in e &#8220;Itihad&#8221; de Emiratos \u00c1rabes Unidos, hicieron dos solicitudes para informarse sobre el estado t\u00e9cnico del aeropuerto.<\/p>\n<p style=\"text-align: justify\">Afirm\u00f3 que &#8220;esas acciones van en el contexto de los preparativos para que las compa\u00f1\u00edas antes mencionadas reanuden los vuelos a Damasco&#8221;.<\/p>\n<p style=\"text-align: justify\"><span style=\"color: #0000ff\">F. Marouf\/ Ammar H.<\/span><\/p>\n","protected":false},"excerpt":{"rendered":"<p>Damasco, SANA La Compa\u00f1\u00eda Siria de Aviaci\u00f3n &#8220;Syrian Arab Airlines&#8221; anunci\u00f3 que una delegaci\u00f3n de la Compa\u00f1\u00eda Oman\u00ed de Aviaci\u00f3n &#8220;Oman Air&#8221; visit\u00f3 hace dos d\u00edas las instalaciones del Aeropuerto Internacional de Damasco y estuvo al tanto de la situaci\u00f3n t\u00e9cnica en el mismo, con el fin de reanudar sus vuelos a Damasco. La directora &hellip;<\/p>\n","protected":false},"author":30,"featured_media":98082,"comment_status":"closed","ping_status":"closed","sticky":false,"template":"","format":"standard","meta":{"footnotes":""},"categories":[597,456,476,7541],"tags":[14004],"class_list":["post-98081","post","type-post","status-publish","format-standard","has-post-thumbnail","","category-cinta-de-noticias","category-arabe-internacional-politica","category-locales","category-ultimas-noticias","tag-aerolineas-arabes-chequean-instalaciones-del-aeropuerto-internacional-de-damasco-con-el-fin-de-reanudar-sus-vuelos"],"_links":{"self":[{"href":"https:\/\/archive.sana.sy\/es\/index.php?rest_route=\/wp\/v2\/posts\/98081"}],"collection":[{"href":"https:\/\/archive.sana.sy\/es\/index.php?rest_route=\/wp\/v2\/posts"}],"about":[{"href":"https:\/\/archive.sana.sy\/es\/index.php?rest_route=\/wp\/v2\/types\/post"}],"author":[{"embeddable":true,"href":"https:\/\/archive.sana.sy\/es\/index.php?rest_route=\/wp\/v2\/users\/30"}],"replies":[{"embeddable":true,"href":"https:\/\/archive.sana.sy\/es\/index.php?rest_route=%2Fwp%2Fv2%2Fcomments&post=98081"}],"version-history":[{"count":0,"href":"https:\/\/archive.sana.sy\/es\/index.php?rest_route=\/wp\/v2\/posts\/98081\/revisions"}],"wp:featuredmedia":[{"embeddable":true,"href":"https:\/\/archive.sana.sy\/es\/index.php?rest_route=\/wp\/v2\/media\/98082"}],"wp:attachment":[{"href":"https:\/\/archive.sana.sy\/es\/index.php?rest_route=%2Fwp%2Fv2%2Fmedia&parent=98081"}],"wp:term":[{"taxonomy":"category","embeddable":true,"href":"https:\/\/archive.sana.sy\/es\/index.php?rest_route=%2Fwp%2Fv2%2Fcategories&post=98081"},{"taxonomy":"post_tag","embeddable":true,"href":"https:\/\/archive.sana.sy\/es\/index.php?rest_route=%2Fwp%2Fv2%2Ftags&post=98081"}],"curies":[{"name":"wp","href":"https:\/\/api.w.org\/{rel}","templated":true}]}}