{"id":98093,"date":"2019-01-13T10:49:34","date_gmt":"2019-01-13T08:49:34","guid":{"rendered":"https:\/\/www.sana.sy\/es\/?p=98093"},"modified":"2023-01-10T15:10:10","modified_gmt":"2023-01-10T13:10:10","slug":"destacadas-noticias-de-la-recuperacion-de-siria-de-la-guerra-terrorista","status":"publish","type":"post","link":"https:\/\/archive.sana.sy\/es\/?p=98093","title":{"rendered":"Destacadas noticias de la recuperaci\u00f3n de Siria de la guerra terrorista"},"content":{"rendered":"<p style=\"text-align: justify\"><span style=\"color: #800000\">Damasco, SANA<\/span><\/p>\n<p style=\"text-align: justify\">El 2019 empez\u00f3 como importantes actividades econ\u00f3micas que muestran la recuperaci\u00f3n del pa\u00eds de la guerra terrorista que se le impuso desde el a\u00f1o 2011.<\/p>\n<p style=\"text-align: justify\">A continuaci\u00f3n, daremos a conocer las m\u00e1s recientes noticias en los campos econ\u00f3mico, comercial, agr\u00edcola, humanitario y de salud:<\/p>\n<p style=\"text-align: justify\"><span style=\"color: #0000ff\">Compa\u00f1\u00eda automotriz sirio-iran\u00ed reanuda su producci\u00f3n de autom\u00f3viles<\/span><\/p>\n<p style=\"text-align: justify\">La empresa automotriz sirio-iran\u00ed SIAMCO ha reanudado su producci\u00f3n tras varios a\u00f1os de interrupci\u00f3n debido a la crisis.<\/p>\n<p style=\"text-align: justify\">La empresa empez\u00f3 a ensamblar los modelos Peugeot 207, SHAHBA y SHAMRA en colaboraci\u00f3n con la empresa \u201cIr\u00e1n Khordo\u201d, as\u00ed como los modelos \u201cJAC\u201d y \u201cGMC\u201d, en colaboraci\u00f3n con empresas chinas.<\/p>\n<p style=\"text-align: justify\">Los autos tendr\u00e1n est\u00e1ndares internacionales y sus precios oscilar\u00e1n entre 5 a 10 millones de libras sirias (equivalente de 10 mil a 20 mil d\u00f3lares), seg\u00fan explica el funcionario de la empresa, Iyad Abed.<\/p>\n<p style=\"text-align: justify\">Se\u00f1al\u00f3 que SIAMCO, que inici\u00f3 su producci\u00f3n en el a\u00f1o 2007, modernizar\u00e1 el coche SHAM y producir\u00e1 nuevos modelos de esta clase, as\u00ed como comenzar\u00e1 a producir veh\u00edculos de pasajeros, Pickups y camionetas.<\/p>\n<p style=\"text-align: justify\"><span style=\"color: #0000ff\">Jap\u00f3n dona 16 ambulancias a la Media Luna Roja Siria<\/span><\/p>\n<p style=\"text-align: justify\">La Media Luna Roja \u00c1rabe Siria (MLRAS) recibi\u00f3 a 16 ambulancias donadas por el gobierno y el pueblo de Jap\u00f3n a trav\u00e9s de la Organizaci\u00f3n Mundial de la Salud (OMS).<\/p>\n<p style=\"text-align: justify\">El presidente de la (MLRAS), Khaled Heboubati, agradeci\u00f3 la iniciativa japonesa de apoyar la organizaci\u00f3n para que est\u00e9 en plena disponibilidad y pueda cubrir todo el territorio sirio.<\/p>\n<p style=\"text-align: justify\">Por su parte, la Representante de la OMS en Siria, Elizabeth Hoff, agradeci\u00f3 el donativo otorgado por el gobierno japon\u00e9s, el cual apoyar\u00e1 el sector de la salud y permitir\u00e1 a la Media Luna Roja Siria prestar servicios de socorro, especialmente en las zonas m\u00e1s necesitadas.<\/p>\n<p style=\"text-align: justify\"><span style=\"color: #0000ff\">M\u00e1s de 14 mil instalaciones industriales han vuelto a producir en Alepo<\/span><\/p>\n<p style=\"text-align: justify\">El jefe del Departamento de Pol\u00edgonos y Zonas Industriales en el Ministerio de Industria, Ali Bilal, afirm\u00f3 que el ministerio prepar\u00f3 carteles, videos y datos detallados en diferentes idiomas para promover las inversiones destinadas a la reconstrucci\u00f3n en las zonas industriales y artesanales.<\/p>\n<p style=\"text-align: justify\">Bilal explic\u00f3 que durante el 2018, se ha iniciado la construcci\u00f3n de 203 nuevas instalaciones industriales mientras 127 instalaciones entraron en fase de producci\u00f3n durante el mismo a\u00f1o.<\/p>\n<p style=\"text-align: justify\">Por otro lado, explic\u00f3 que se gastaron tres mil millones 664 millones de libras sirias (alrededor de nueve millones de d\u00f3lares) en las obras de infraestructura en las tres zonas industriales de Sheikh Najjar en Alepo, de Hassieh en Homs y de Adra en Damasco-campo.<\/p>\n<p style=\"text-align: justify\">&#8220;Se est\u00e1 trabajando para rehabilitar las zonas industriales afectadas por el terrorismo, especialmente en Alepo, Damasco y Homs; y el n\u00famero total de establecimientos que volvieron a funcionar solo en la provincia de Alepo ascendieron a 14.759&#8221;, revel\u00f3.<\/p>\n<p style=\"text-align: justify\">Por \u00faltimo, afirm\u00f3 que se asign\u00f3 para el a\u00f1o en curso un presupuesto de inversi\u00f3n de dos mil 500 millones de libras sirias (seis millones de d\u00f3lares) para construir nuevas zonas industriales y artesanales, se\u00f1alando que en la actualidad hay 116 zonas industriales y artesanales en todas las provincias del pa\u00eds.<\/p>\n<p style=\"text-align: justify\"><span style=\"color: #0000ff\">Rescatado el sector agr\u00edcola en la provincia de Deir Ezzor<\/span><\/p>\n<p style=\"text-align: justify\">La agricultura en la provincia oriental de Deir Ezzor ha vuelto a la vida tras siete a\u00f1os de continuos y sistem\u00e1ticos ataques continuos por parte de los terroristas del Daesh a las redes de irrigaci\u00f3n y la infraestructura agr\u00edcola, lo cual dej\u00f3 la mayor\u00eda de las tierras agr\u00edcolas en la orilla sur del r\u00edo \u00c9ufrates fuera de producci\u00f3n.<\/p>\n<p style=\"text-align: justify\">La agricultura y la ganader\u00eda constituyen la principal fuente de vida de los habitantes de Deir Ezzor que cientos de miles de ellos retornaron a sus casas y sus tierras agr\u00edcolas tras derrotar a los terroristas de Daesh.<\/p>\n<p style=\"text-align: justify\">El jefe del Departamento de Agricultura en la provincia, Mahmoud Haiyo, declar\u00f3 que el gobierno lanz\u00f3 el proyecto de rehabilitar la tercera y quinta secci\u00f3n de los proyectos de riego en la orilla sur de la cuenca del \u00c9ufrates por un valor de 3.2 mil millones de libras sirias (equivalente a siete millones de d\u00f3lares).<\/p>\n<p style=\"text-align: justify\">Revel\u00f3 que 30 Centros de Orientaci\u00f3n Agr\u00edcola fueron rehabilitados y reabiertos en diferentes poblados y localidades del campo de la provincia.<\/p>\n<p style=\"text-align: justify\">\u201cSe instalaron bombas en el r\u00edo para garantizar agua de irrigaci\u00f3n, adem\u00e1s de ofrecer a los agricultores semillas, fertilizantes, redes de agua de riego, productos para la protecci\u00f3n de cultivos, pesticidas y vacunas veterinarias\u201d, agreg\u00f3 Haiyo.<\/p>\n<p style=\"text-align: justify\">Por otro lado, indic\u00f3 que en esta temporada agr\u00edcola se sembraron 10 mil hect\u00e1reas de cebada, 25 mil hect\u00e1reas de trigo y 10 mil hect\u00e1reas de algod\u00f3n.<\/p>\n<p style=\"text-align: justify\">Seg\u00fan la cifras gubernamentales, m\u00e1s de medio mill\u00f3n de civiles desplazados volvieron a sus hogares en la provincia de Deir Ezzor, que cuenta actualmente con un mill\u00f3n 150 mil habitantes.<\/p>\n<p style=\"text-align: justify\"><span style=\"color: #0000ff\">Aprueban plan nacional para impedir el regreso del Polio<\/span><\/p>\n<p style=\"text-align: justify\">El Ministerio de Salud, la Organizaci\u00f3n Mundial de Salud (OMS) y el UNICEF anunciaron un plan nacional destinado a impedir el regreso del poliomielitis a Siria, pa\u00eds que fue anunciado nuevamente libre de esta epidemia el d\u00eda 23 del pasado mes de diciembre, logro que fue calificado por la OMS como \u201cuna victoria para la salud\u201d, a nivel tanto regional como mundial.<\/p>\n<p style=\"text-align: justify\">Durante un taller sostenido para debatir este plan nacional, el director del Departamento de Atenci\u00f3n Sanitaria del Ministerio de Salud, Fadi Qasis, revel\u00f3 que el poliovirus tipo 2 fue erradicado en un tiempo r\u00e9cord de 108 d\u00edas.<\/p>\n<p style=\"text-align: justify\">Recalc\u00f3 que el Ministerio sigue trabajando para aumentar el porcentaje de cubrimiento con las vacunas anti polio para evitar el regreso de la epidemia, y revel\u00f3 que los equipos de vacunaci\u00f3n ingresaron por primera vez desde hace un a\u00f1o en zonas en Deir Ezzor.<\/p>\n<p style=\"text-align: justify\">Por su parte, la representante de la OMS en Siria, Elizabeth Hoff, expres\u00f3 \u201csu orgullo\u201d por la acci\u00f3n de respuesta del Ministerio de Salud sirio contra esta epidemia, informando que se recomend\u00f3 prolongar este plan de respuesta por un a\u00f1o adicional con el fin de garantizar m\u00e1s protecci\u00f3n a los ni\u00f1os y aumentar su inmunidad.<\/p>\n<p style=\"text-align: justify\">Reiter\u00f3 la disposici\u00f3n de la OMS para apoyar al Ministerio de Salud sirio durante las jornadas de vacunaci\u00f3n y los protocolos rutinarios.<\/p>\n<p style=\"text-align: justify\">En declaraciones a SANA, el Jefe del Departamento de Salud de Deir Ezzor, Bashar Shuaibi, se\u00f1al\u00f3 que 130 especialistas en vacunas comenzaron a cubrir una \u00e1rea de 150 km, la cual se extiende a lo largo del rio \u00c9ufrates hacia Raqqa, con el fin de inmunizar a todos los ni\u00f1os que se encuentran en dicha zona.<\/p>\n<p style=\"text-align: justify\">Siria fue anunciada libre del polio en 1995, sin embargo se notificaron en 2017 varios casos en la provincia de Deir Ezzor, lo que implic\u00f3 el lanzamiento de consecutivas campa\u00f1as de vacunaciones para erradicar la epidemia y evitar su propagaci\u00f3n.<\/p>\n<p style=\"text-align: justify\"><span style=\"color: #0000ff\">Siria lanza proyectos de electricidad por un valor de dos mil millones de d\u00f3lares<\/span><\/p>\n<p style=\"text-align: justify\">El ministro de Electricidad, Zuhair Kharboutli, dijo que durante los \u00faltimos dos a\u00f1os y tras las victorias del ej\u00e9rcito sirio contra el terrorismo, se trabaj\u00f3 y se logr\u00f3 restablecer la electricidad en las provincias de Alepo, Deraa, Quneitra y Deir Ezzor.<\/p>\n<p style=\"text-align: justify\">En una entrevista concedida a la televisi\u00f3n estatal siria, Kharboutli dijo que &#8220;durante el \u00faltimo mes del 2018 se logr\u00f3 hacer llegar la electricidad al municipio de Mayadeen, 100 km al este de Deir Ezzor, y los t\u00e9cnicos e ingenieros est\u00e1n trabajando para restablecer la energ\u00eda el\u00e9ctrica en las ciudades de Mohassan y Bukamal, en la orilla del r\u00edo \u00c9ufrates, cerca de la frontera con Irak&#8221;.<\/p>\n<p style=\"text-align: justify\">&#8220;Durante los a\u00f1os 2017 y 2018, se pusieron en servicio gigantes proyectos estrat\u00e9gicos de electricidad con una capacidad generadora de hasta 2.200 MW y a un costo de unos dos mil millones de d\u00f3lares&#8221;, revel\u00f3 el ministro sirio.<\/p>\n<p style=\"text-align: justify\">Asimismo, explic\u00f3 que se logr\u00f3 la conexi\u00f3n de todas las redes de alto voltaje para que sea una sola red como era antes de la guerra.<\/p>\n<p style=\"text-align: justify\">El titular sirio habl\u00f3 adem\u00e1s de un plan estrat\u00e9gico del Ministerio de Electricidad para satisfacer la demanda de energ\u00eda el\u00e9ctrica y lograr en 2023 que la capacidad generadora alcance sus niveles antes de la guerra.<\/p>\n<p style=\"text-align: justify\">&#8220;Se est\u00e1n ejecutando proyectos importantes como la ampliaci\u00f3n de la central el\u00e9ctrica de Deir Ali al sur del Damasco, a un costo de mil millones de d\u00f3lares y con una capacidad de generaci\u00f3n adicional de 750 MW&#8221;, precis\u00f3.<\/p>\n<p style=\"text-align: justify\">Otros proyectos que se est\u00e1n ejecutando actualmente es el proyecto de una central el\u00e9ctrica en la provincia de Latakia con una capacidad de 450 MW y a un costo de 411 millones de euros, y se est\u00e1 construyendo un grupo de generaci\u00f3n en la provincia de Deir Ezzor que trabaja con combustible y gas con una capacidad hasta 350 MW, adem\u00e1s de ejecutar un grupo de generaci\u00f3n en Alepo con capacidad de 350 MW.<\/p>\n<p style=\"text-align: justify\"><span style=\"color: #0000ff\">Gobierno revisa medidas tomados por los ministerios para simplificar los tr\u00e1mites<\/span><\/p>\n<p style=\"text-align: justify\">Durante su sesi\u00f3n semanal presidida por el Primer Ministro, Imad Khamis, el Gabinete fue informado sobre las medidas tomadas por el Ministerio del Interior para simplificar los tr\u00e1mites relacionados con cuestiones civiles, la emisi\u00f3n de pasaportes y las licencias de conducci\u00f3n.<\/p>\n<p style=\"text-align: justify\">El Ministerio de Asuntos Sociales y Trabajo tambi\u00e9n ofreci\u00f3 una explicaci\u00f3n sobre su trabajo encaminado a simplificar los tr\u00e1mites y desarrollar los sellos sociales.<\/p>\n<p style=\"text-align: justify\">Asimismo, el Gobierno discuti\u00f3 una propuesta del \u00d3rgano de Inversiones para simplificar los procedimientos de los inversionistas, y en virtud de esa propuesta el Centro de Servicios para Inversionistas funciona como la \u201cpuerta principal\u201d a trav\u00e9s de la cual los inversionistas adquieren todas las aprobaciones y documentos necesarios.<\/p>\n<p style=\"text-align: justify\">Por otro lado, los ministros debatieron un proyecto de ley sobre el aumento del capital m\u00ednimo de las compa\u00f1\u00edas de transferencia interna de dinero para que sus capitales correspondan con sus actividades reales.<\/p>\n<p style=\"text-align: justify\"><span style=\"color: #0000ff\">Refiner\u00eda de Homs produce nitr\u00f3geno<\/span><\/p>\n<p style=\"text-align: justify\">La Compa\u00f1\u00eda General de la Refiner\u00eda de Homs ha puesto en servicio una unidad para la producci\u00f3n de nitr\u00f3geno tan necesario para la producci\u00f3n de bencina.<\/p>\n<p style=\"text-align: justify\">Haizam Msoker, director de la refiner\u00eda dijo en una declaraci\u00f3n a SANA, que el proyecto ha sido hecho por cuadros nacionales y a un costo de 690 millones de libras sirias, y es una unidad avanzada y automatizada que produce 500 m3 por hora a presi\u00f3n de 60 bares.<\/p>\n<p style=\"text-align: justify\"><span style=\"color: #0000ff\">F. Marouf\/ Ammar H.<\/span><\/p>\n","protected":false},"excerpt":{"rendered":"<p>Damasco, SANA El 2019 empez\u00f3 como importantes actividades econ\u00f3micas que muestran la recuperaci\u00f3n del pa\u00eds de la guerra terrorista que se le impuso desde el a\u00f1o 2011. A continuaci\u00f3n, daremos a conocer las m\u00e1s recientes noticias en los campos econ\u00f3mico, comercial, agr\u00edcola, humanitario y de salud: Compa\u00f1\u00eda automotriz sirio-iran\u00ed reanuda su producci\u00f3n de autom\u00f3viles La &hellip;<\/p>\n","protected":false},"author":30,"featured_media":97974,"comment_status":"closed","ping_status":"closed","sticky":false,"template":"","format":"standard","meta":{"footnotes":""},"categories":[597,485,476,7541],"tags":[14008],"class_list":["post-98093","post","type-post","status-publish","format-standard","has-post-thumbnail","","category-cinta-de-noticias","category-informes-negocios-y-finanzas","category-locales","category-ultimas-noticias","tag-destacadas-noticias-de-la-recuperacion-de-siria-de-la-guerra-terrorista"],"_links":{"self":[{"href":"https:\/\/archive.sana.sy\/es\/index.php?rest_route=\/wp\/v2\/posts\/98093"}],"collection":[{"href":"https:\/\/archive.sana.sy\/es\/index.php?rest_route=\/wp\/v2\/posts"}],"about":[{"href":"https:\/\/archive.sana.sy\/es\/index.php?rest_route=\/wp\/v2\/types\/post"}],"author":[{"embeddable":true,"href":"https:\/\/archive.sana.sy\/es\/index.php?rest_route=\/wp\/v2\/users\/30"}],"replies":[{"embeddable":true,"href":"https:\/\/archive.sana.sy\/es\/index.php?rest_route=%2Fwp%2Fv2%2Fcomments&post=98093"}],"version-history":[{"count":0,"href":"https:\/\/archive.sana.sy\/es\/index.php?rest_route=\/wp\/v2\/posts\/98093\/revisions"}],"wp:featuredmedia":[{"embeddable":true,"href":"https:\/\/archive.sana.sy\/es\/index.php?rest_route=\/wp\/v2\/media\/97974"}],"wp:attachment":[{"href":"https:\/\/archive.sana.sy\/es\/index.php?rest_route=%2Fwp%2Fv2%2Fmedia&parent=98093"}],"wp:term":[{"taxonomy":"category","embeddable":true,"href":"https:\/\/archive.sana.sy\/es\/index.php?rest_route=%2Fwp%2Fv2%2Fcategories&post=98093"},{"taxonomy":"post_tag","embeddable":true,"href":"https:\/\/archive.sana.sy\/es\/index.php?rest_route=%2Fwp%2Fv2%2Ftags&post=98093"}],"curies":[{"name":"wp","href":"https:\/\/api.w.org\/{rel}","templated":true}]}}