{"id":98128,"date":"2019-01-13T20:08:33","date_gmt":"2019-01-13T18:08:33","guid":{"rendered":"https:\/\/www.sana.sy\/es\/?p=98128"},"modified":"2019-01-16T17:40:00","modified_gmt":"2019-01-16T15:40:00","slug":"irak-e-iran-reiteran-apoyo-a-siria","status":"publish","type":"post","link":"https:\/\/archive.sana.sy\/es\/?p=98128","title":{"rendered":"Irak e Ir\u00e1n reiteran apoyo a Siria"},"content":{"rendered":"<p>Bagdad-SANA<\/p>\n<p>Los cancilleres de Irak e Ir\u00e1n, Mohamad Ali Hakim y Mohamad Jawad Zarif, respectivamente examinaron en la capital Bagdad, \u00f1a cooperaci\u00f3n bilateral y las v\u00edas de apoyar a Siria en su lucha contra el terrorismo.<\/p>\n<p>Hakim explic\u00f3 en una rueda de prensa que celebr\u00f3 con su hom\u00f3logo iran\u00ed, que ambas partes discutieron el apoyo de sus pa\u00edses a Siria y el restablecimiento de la seguridad y estabilidad a todo el territorio de este pa\u00eds.<\/p>\n<p>Mientras, Zarif se\u00f1al\u00f3 que ambos lados reiteraron la necesidad de preservar la unidad territorial de Siria y apoyar este pa\u00eds a erradicar el terrorismo.<\/p>\n<p>Y.K.<\/p>\n","protected":false},"excerpt":{"rendered":"<p>Bagdad-SANA Los cancilleres de Irak e Ir\u00e1n, Mohamad Ali Hakim y Mohamad Jawad Zarif, respectivamente examinaron en la capital Bagdad, \u00f1a cooperaci\u00f3n bilateral y las v\u00edas de apoyar a Siria en su lucha contra el terrorismo. Hakim explic\u00f3 en una rueda de prensa que celebr\u00f3 con su hom\u00f3logo iran\u00ed, que ambas partes discutieron el apoyo &hellip;<\/p>\n","protected":false},"author":1,"featured_media":98129,"comment_status":"closed","ping_status":"closed","sticky":false,"template":"","format":"standard","meta":{"footnotes":""},"categories":[467,7541],"tags":[],"class_list":["post-98128","post","type-post","status-publish","format-standard","has-post-thumbnail","","category-siria-y-el-mundo","category-ultimas-noticias"],"_links":{"self":[{"href":"https:\/\/archive.sana.sy\/es\/index.php?rest_route=\/wp\/v2\/posts\/98128"}],"collection":[{"href":"https:\/\/archive.sana.sy\/es\/index.php?rest_route=\/wp\/v2\/posts"}],"about":[{"href":"https:\/\/archive.sana.sy\/es\/index.php?rest_route=\/wp\/v2\/types\/post"}],"author":[{"embeddable":true,"href":"https:\/\/archive.sana.sy\/es\/index.php?rest_route=\/wp\/v2\/users\/1"}],"replies":[{"embeddable":true,"href":"https:\/\/archive.sana.sy\/es\/index.php?rest_route=%2Fwp%2Fv2%2Fcomments&post=98128"}],"version-history":[{"count":0,"href":"https:\/\/archive.sana.sy\/es\/index.php?rest_route=\/wp\/v2\/posts\/98128\/revisions"}],"wp:featuredmedia":[{"embeddable":true,"href":"https:\/\/archive.sana.sy\/es\/index.php?rest_route=\/wp\/v2\/media\/98129"}],"wp:attachment":[{"href":"https:\/\/archive.sana.sy\/es\/index.php?rest_route=%2Fwp%2Fv2%2Fmedia&parent=98128"}],"wp:term":[{"taxonomy":"category","embeddable":true,"href":"https:\/\/archive.sana.sy\/es\/index.php?rest_route=%2Fwp%2Fv2%2Fcategories&post=98128"},{"taxonomy":"post_tag","embeddable":true,"href":"https:\/\/archive.sana.sy\/es\/index.php?rest_route=%2Fwp%2Fv2%2Ftags&post=98128"}],"curies":[{"name":"wp","href":"https:\/\/api.w.org\/{rel}","templated":true}]}}