{"id":98180,"date":"2019-01-14T19:20:51","date_gmt":"2019-01-14T17:20:51","guid":{"rendered":"https:\/\/sana.sy\/es\/?p=98180"},"modified":"2019-01-14T19:20:33","modified_gmt":"2019-01-14T17:20:33","slug":"ejercito-repele-nuevos-ataques-terroristas-en-el-norte-de-hama","status":"publish","type":"post","link":"https:\/\/archive.sana.sy\/es\/?p=98180","title":{"rendered":"FFAA responden a violaciones de terroristas del acuerdo sobre zona desmilitarizada en Idleb"},"content":{"rendered":"<p style=\"text-align: justify;\"><span style=\"color: #800000;\">Hama, SANA<\/span><\/p>\n<p style=\"text-align: justify;\">El ej\u00e9rcito sirio respondi\u00f3 a las violaciones de las organizaciones terroristas del acuerdo sobre zona desmilitarizada en Idleb as\u00ed como repeli\u00f3 varios intentos de atacar a posiciones militares y poblados seguros.<\/p>\n<p style=\"text-align: justify;\">En este sentido, unidades del ej\u00e9rcito sirio estacionadas en el campo de Mhardeh a fin de garantizar la seguridad de los civiles, bombardearon grupos terroristas en las afueras del poblado de Hasraya que intentaron atacar puntos militares del ej\u00e9rcito.<\/p>\n<p style=\"text-align: justify;\">Por otra parte, las unidades del ej\u00e9rcito sirio que operan en el campo norte de la provincia central de Hama, repelieron nuevos ataques lanzados por grupos radicales terroristas contra los puntos militares encargados de proteger la poblaci\u00f3n civil en las localidades liberadas del terrorismo.<\/p>\n<p style=\"text-align: justify;\">Una fuente militar inform\u00f3 que bandas terroristas partieron desde el Valle Al-Dawrat y atacaron las posiciones militares en las inmediaciones de la localidad de Latamneh.<\/p>\n<p style=\"text-align: justify;\">\u201cLos uniformados sirios repelieron el ataque de los terroristas e infligieron bajas en sus filas\u201d, detall\u00f3 la fuente.<\/p>\n<p style=\"text-align: justify;\">Los grupos terroristas apoyados por el r\u00e9gimen turco cometen violaciones diarias al acuerdo de zona desmilitarizada en la provincia de Idleb y el campo norte y nordeste de Hama.<\/p>\n<p style=\"text-align: justify;\"><span style=\"color: #0000ff;\">F. M.\/ Y. K.\/ A. H.\/ R. R.<\/span><\/p>\n","protected":false},"excerpt":{"rendered":"<p>Hama, SANA El ej\u00e9rcito sirio respondi\u00f3 a las violaciones de las organizaciones terroristas del acuerdo sobre zona desmilitarizada en Idleb as\u00ed como repeli\u00f3 varios intentos de atacar a posiciones militares y poblados seguros. En este sentido, unidades del ej\u00e9rcito sirio estacionadas en el campo de Mhardeh a fin de garantizar la seguridad de los civiles, &hellip;<\/p>\n","protected":false},"author":30,"featured_media":98181,"comment_status":"closed","ping_status":"closed","sticky":false,"template":"","format":"standard","meta":{"footnotes":""},"categories":[597,573,7541],"tags":[14025],"class_list":["post-98180","post","type-post","status-publish","format-standard","has-post-thumbnail","","category-cinta-de-noticias","category-la-realidad-de-los-acontecimientos-en-siria","category-ultimas-noticias","tag-ffaa-responden-a-violaciones-de-terroristas-del-acuerdo-sobre-zona-desmilitarizada-en-idleb"],"_links":{"self":[{"href":"https:\/\/archive.sana.sy\/es\/index.php?rest_route=\/wp\/v2\/posts\/98180"}],"collection":[{"href":"https:\/\/archive.sana.sy\/es\/index.php?rest_route=\/wp\/v2\/posts"}],"about":[{"href":"https:\/\/archive.sana.sy\/es\/index.php?rest_route=\/wp\/v2\/types\/post"}],"author":[{"embeddable":true,"href":"https:\/\/archive.sana.sy\/es\/index.php?rest_route=\/wp\/v2\/users\/30"}],"replies":[{"embeddable":true,"href":"https:\/\/archive.sana.sy\/es\/index.php?rest_route=%2Fwp%2Fv2%2Fcomments&post=98180"}],"version-history":[{"count":0,"href":"https:\/\/archive.sana.sy\/es\/index.php?rest_route=\/wp\/v2\/posts\/98180\/revisions"}],"wp:featuredmedia":[{"embeddable":true,"href":"https:\/\/archive.sana.sy\/es\/index.php?rest_route=\/wp\/v2\/media\/98181"}],"wp:attachment":[{"href":"https:\/\/archive.sana.sy\/es\/index.php?rest_route=%2Fwp%2Fv2%2Fmedia&parent=98180"}],"wp:term":[{"taxonomy":"category","embeddable":true,"href":"https:\/\/archive.sana.sy\/es\/index.php?rest_route=%2Fwp%2Fv2%2Fcategories&post=98180"},{"taxonomy":"post_tag","embeddable":true,"href":"https:\/\/archive.sana.sy\/es\/index.php?rest_route=%2Fwp%2Fv2%2Ftags&post=98180"}],"curies":[{"name":"wp","href":"https:\/\/api.w.org\/{rel}","templated":true}]}}