{"id":98196,"date":"2019-01-14T20:51:09","date_gmt":"2019-01-14T18:51:09","guid":{"rendered":"https:\/\/www.sana.sy\/es\/?p=98196"},"modified":"2019-01-14T20:51:09","modified_gmt":"2019-01-14T18:51:09","slug":"cancilleria-de-iran-la-presencia-de-tropas-estadounidenses-en-siria-erronea","status":"publish","type":"post","link":"https:\/\/archive.sana.sy\/es\/?p=98196","title":{"rendered":"Canciller\u00eda de Ir\u00e1n: La presencia de tropas estadounidenses en Siria err\u00f3nea"},"content":{"rendered":"<p><span style=\"color: #800000;\">Teher\u00e1n, SANA<\/span><\/p>\n<p style=\"text-align: justify;\">\u201cLa presencia de fuerzas estadounidenses en Siria ha sido una decisi\u00f3n err\u00f3nea, sin sentido e injustificada\u201d, declar\u00f3 el portavoz de la canciller\u00eda de Ir\u00e1n Bahram Ghasemi, en su rueda de prensa semanal.<\/p>\n<p style=\"text-align: justify;\">\u201cLas tropas estadounidenses deben abandonar territorio sirio, de lo contrario se ver\u00e1n obligadas a salir, partiendo de los hechos hist\u00f3ricos y la resistencia de los pueblos\u201d, agreg\u00f3 Ghasemi.<\/p>\n<p style=\"text-align: justify;\">Aclar\u00f3 que las victorias logrados por el Ej\u00e9rcito \u00c1rabe Sirio y sus aliados han enfurecido al ente sionista, reiterando al mismo tiempo que \u201csu pa\u00eds no tiene presencia militar ninguna en Siria\u201d.<\/p>\n<p style=\"text-align: justify;\">&#8220;El gobierno sirio nos ha invitado para llevar a cabo misiones de asesoramiento en materia de la lucha contra terrorismo\u201d, enfatiz\u00f3.<\/p>\n<p><span style=\"color: #0000ff;\">R. Rashed\/ Y. K.<\/span><\/p>\n","protected":false},"excerpt":{"rendered":"<p>Teher\u00e1n, SANA \u201cLa presencia de fuerzas estadounidenses en Siria ha sido una decisi\u00f3n err\u00f3nea, sin sentido e injustificada\u201d, declar\u00f3 el portavoz de la canciller\u00eda de Ir\u00e1n Bahram Ghasemi, en su rueda de prensa semanal. \u201cLas tropas estadounidenses deben abandonar territorio sirio, de lo contrario se ver\u00e1n obligadas a salir, partiendo de los hechos hist\u00f3ricos y &hellip;<\/p>\n","protected":false},"author":1,"featured_media":98197,"comment_status":"closed","ping_status":"closed","sticky":false,"template":"","format":"standard","meta":{"footnotes":""},"categories":[597,467,7541],"tags":[14026],"class_list":["post-98196","post","type-post","status-publish","format-standard","has-post-thumbnail","","category-cinta-de-noticias","category-siria-y-el-mundo","category-ultimas-noticias","tag-cancilleria-de-iran-la-presencia-de-tropas-estadounidenses-en-siria-erronea"],"_links":{"self":[{"href":"https:\/\/archive.sana.sy\/es\/index.php?rest_route=\/wp\/v2\/posts\/98196"}],"collection":[{"href":"https:\/\/archive.sana.sy\/es\/index.php?rest_route=\/wp\/v2\/posts"}],"about":[{"href":"https:\/\/archive.sana.sy\/es\/index.php?rest_route=\/wp\/v2\/types\/post"}],"author":[{"embeddable":true,"href":"https:\/\/archive.sana.sy\/es\/index.php?rest_route=\/wp\/v2\/users\/1"}],"replies":[{"embeddable":true,"href":"https:\/\/archive.sana.sy\/es\/index.php?rest_route=%2Fwp%2Fv2%2Fcomments&post=98196"}],"version-history":[{"count":0,"href":"https:\/\/archive.sana.sy\/es\/index.php?rest_route=\/wp\/v2\/posts\/98196\/revisions"}],"wp:featuredmedia":[{"embeddable":true,"href":"https:\/\/archive.sana.sy\/es\/index.php?rest_route=\/wp\/v2\/media\/98197"}],"wp:attachment":[{"href":"https:\/\/archive.sana.sy\/es\/index.php?rest_route=%2Fwp%2Fv2%2Fmedia&parent=98196"}],"wp:term":[{"taxonomy":"category","embeddable":true,"href":"https:\/\/archive.sana.sy\/es\/index.php?rest_route=%2Fwp%2Fv2%2Fcategories&post=98196"},{"taxonomy":"post_tag","embeddable":true,"href":"https:\/\/archive.sana.sy\/es\/index.php?rest_route=%2Fwp%2Fv2%2Ftags&post=98196"}],"curies":[{"name":"wp","href":"https:\/\/api.w.org\/{rel}","templated":true}]}}