{"id":98213,"date":"2019-01-15T11:07:58","date_gmt":"2019-01-15T09:07:58","guid":{"rendered":"https:\/\/www.sana.sy\/es\/?p=98213"},"modified":"2019-01-15T11:08:30","modified_gmt":"2019-01-15T09:08:30","slug":"pronostican-nevadas-en-las-zonas-por-encima-de-800-metros-de-altura","status":"publish","type":"post","link":"https:\/\/archive.sana.sy\/es\/?p=98213","title":{"rendered":"Pronostican nevadas en las zonas por encima de 800 metros de altura"},"content":{"rendered":"<p style=\"text-align: justify;\"><span style=\"color: #800000;\">Damasco, SANA<\/span><\/p>\n<p style=\"text-align: justify;\">A partir de las horas de la tarde de hoy martes, afectar\u00e1 al pa\u00eds una baja presi\u00f3n polar acompa\u00f1ada por una masa de aire h\u00famedo y muy fr\u00edo.<\/p>\n<p style=\"text-align: justify;\">El Departamento de Metrolog\u00eda anunci\u00f3 en su bolet\u00edn diario, que las temperaturas descender\u00e1n de 4 a 6 grados por debajo de sus promedios anuales y las rachas del viento llegar\u00e1n a 90 km por hora.<\/p>\n<p style=\"text-align: justify;\">El bolet\u00edn meteorol\u00f3gico pronostic\u00f3 adem\u00e1s, precipitaciones en todas las regiones del pa\u00eds y nevadas en las zonas cuya altura est\u00e1 por encima de 800 metros.<\/p>\n<p style=\"text-align: justify;\">En la capital Damasco, se pronostican temperaturas m\u00e1ximas de siete grados Celsius y m\u00ednima de -1.<\/p>\n<p style=\"text-align: justify;\"><span style=\"color: #0000ff;\">F. Marouf\/ E. Dubian<\/span><\/p>\n","protected":false},"excerpt":{"rendered":"<p>Damasco, SANA A partir de las horas de la tarde de hoy martes, afectar\u00e1 al pa\u00eds una baja presi\u00f3n polar acompa\u00f1ada por una masa de aire h\u00famedo y muy fr\u00edo. El Departamento de Metrolog\u00eda anunci\u00f3 en su bolet\u00edn diario, que las temperaturas descender\u00e1n de 4 a 6 grados por debajo de sus promedios anuales y &hellip;<\/p>\n","protected":false},"author":1,"featured_media":98216,"comment_status":"closed","ping_status":"closed","sticky":false,"template":"","format":"standard","meta":{"footnotes":""},"categories":[597,476,7541],"tags":[14028],"class_list":["post-98213","post","type-post","status-publish","format-standard","has-post-thumbnail","","category-cinta-de-noticias","category-locales","category-ultimas-noticias","tag-pronostican-nevadas-en-las-zonas-por-encima-de-800-metros-de-altura"],"_links":{"self":[{"href":"https:\/\/archive.sana.sy\/es\/index.php?rest_route=\/wp\/v2\/posts\/98213"}],"collection":[{"href":"https:\/\/archive.sana.sy\/es\/index.php?rest_route=\/wp\/v2\/posts"}],"about":[{"href":"https:\/\/archive.sana.sy\/es\/index.php?rest_route=\/wp\/v2\/types\/post"}],"author":[{"embeddable":true,"href":"https:\/\/archive.sana.sy\/es\/index.php?rest_route=\/wp\/v2\/users\/1"}],"replies":[{"embeddable":true,"href":"https:\/\/archive.sana.sy\/es\/index.php?rest_route=%2Fwp%2Fv2%2Fcomments&post=98213"}],"version-history":[{"count":0,"href":"https:\/\/archive.sana.sy\/es\/index.php?rest_route=\/wp\/v2\/posts\/98213\/revisions"}],"wp:featuredmedia":[{"embeddable":true,"href":"https:\/\/archive.sana.sy\/es\/index.php?rest_route=\/wp\/v2\/media\/98216"}],"wp:attachment":[{"href":"https:\/\/archive.sana.sy\/es\/index.php?rest_route=%2Fwp%2Fv2%2Fmedia&parent=98213"}],"wp:term":[{"taxonomy":"category","embeddable":true,"href":"https:\/\/archive.sana.sy\/es\/index.php?rest_route=%2Fwp%2Fv2%2Fcategories&post=98213"},{"taxonomy":"post_tag","embeddable":true,"href":"https:\/\/archive.sana.sy\/es\/index.php?rest_route=%2Fwp%2Fv2%2Ftags&post=98213"}],"curies":[{"name":"wp","href":"https:\/\/api.w.org\/{rel}","templated":true}]}}