{"id":98219,"date":"2019-01-15T11:39:30","date_gmt":"2019-01-15T09:39:30","guid":{"rendered":"https:\/\/www.sana.sy\/es\/?p=98219"},"modified":"2019-01-15T11:39:30","modified_gmt":"2019-01-15T09:39:30","slug":"partido-comunista-de-cuba-reitera-apoyo-a-siria-en-su-lucha-antiterrorista","status":"publish","type":"post","link":"https:\/\/archive.sana.sy\/es\/?p=98219","title":{"rendered":"Partido Comunista de Cuba reitera apoyo a Siria en su lucha antiterrorista"},"content":{"rendered":"<p style=\"text-align: justify;\"><span style=\"color: #800000;\">La Habana, SANA<\/span><\/p>\n<p style=\"text-align: justify;\">La miembro del Comit\u00e9 Central del Partido Comunista de Cuba, Caridad Diego Bello, reiter\u00f3 la postura de su pa\u00eds en apoyo de Siria en su enfrentamiento a la guerra terrorista impuesta.<\/p>\n<p style=\"text-align: justify;\">Durante su reuni\u00f3n con el Embajador de la Rep\u00fablica \u00c1rabe Siria en Cuba, Idris Mayya, en la sede del Comit\u00e9 Central del Partido Comunista de Cuba, Bello reafirm\u00f3 el rechazo de La Habana a la injerencia en los asuntos internos de Siria y destac\u00f3 la importancia de consolidar los lazos de amistad entre los dos pa\u00edses amigos.<\/p>\n<p style=\"text-align: justify;\">Asimismo, expres\u00f3 su aprecio al pueblo, al gobierno y al partido en Siria por su firmeza ante el terrorismo, y elogi\u00f3 los sacrificios del Ej\u00e9rcito \u00c1rabe Sirio en su lucha contra las agrupaciones terroristas.<\/p>\n<p style=\"text-align: justify;\">Por su parte, el embajador Mayya resalt\u00f3 las excelentes relaciones entre Siria y Cuba, y la necesidad de desarrollarlas por el inter\u00e9s de sus pueblos.<\/p>\n<p style=\"text-align: justify;\"><span style=\"color: #0000ff;\">F. Marouf\/ E. Dubian<\/span><\/p>\n","protected":false},"excerpt":{"rendered":"<p>La Habana, SANA La miembro del Comit\u00e9 Central del Partido Comunista de Cuba, Caridad Diego Bello, reiter\u00f3 la postura de su pa\u00eds en apoyo de Siria en su enfrentamiento a la guerra terrorista impuesta. Durante su reuni\u00f3n con el Embajador de la Rep\u00fablica \u00c1rabe Siria en Cuba, Idris Mayya, en la sede del Comit\u00e9 Central &hellip;<\/p>\n","protected":false},"author":1,"featured_media":98220,"comment_status":"closed","ping_status":"closed","sticky":false,"template":"","format":"standard","meta":{"footnotes":""},"categories":[597,467,7541],"tags":[14030],"class_list":["post-98219","post","type-post","status-publish","format-standard","has-post-thumbnail","","category-cinta-de-noticias","category-siria-y-el-mundo","category-ultimas-noticias","tag-partido-comunista-de-cuba-reitera-apoyo-a-siria-en-su-lucha-antiterrorista"],"_links":{"self":[{"href":"https:\/\/archive.sana.sy\/es\/index.php?rest_route=\/wp\/v2\/posts\/98219"}],"collection":[{"href":"https:\/\/archive.sana.sy\/es\/index.php?rest_route=\/wp\/v2\/posts"}],"about":[{"href":"https:\/\/archive.sana.sy\/es\/index.php?rest_route=\/wp\/v2\/types\/post"}],"author":[{"embeddable":true,"href":"https:\/\/archive.sana.sy\/es\/index.php?rest_route=\/wp\/v2\/users\/1"}],"replies":[{"embeddable":true,"href":"https:\/\/archive.sana.sy\/es\/index.php?rest_route=%2Fwp%2Fv2%2Fcomments&post=98219"}],"version-history":[{"count":0,"href":"https:\/\/archive.sana.sy\/es\/index.php?rest_route=\/wp\/v2\/posts\/98219\/revisions"}],"wp:featuredmedia":[{"embeddable":true,"href":"https:\/\/archive.sana.sy\/es\/index.php?rest_route=\/wp\/v2\/media\/98220"}],"wp:attachment":[{"href":"https:\/\/archive.sana.sy\/es\/index.php?rest_route=%2Fwp%2Fv2%2Fmedia&parent=98219"}],"wp:term":[{"taxonomy":"category","embeddable":true,"href":"https:\/\/archive.sana.sy\/es\/index.php?rest_route=%2Fwp%2Fv2%2Fcategories&post=98219"},{"taxonomy":"post_tag","embeddable":true,"href":"https:\/\/archive.sana.sy\/es\/index.php?rest_route=%2Fwp%2Fv2%2Ftags&post=98219"}],"curies":[{"name":"wp","href":"https:\/\/api.w.org\/{rel}","templated":true}]}}