{"id":98398,"date":"2019-01-17T11:44:33","date_gmt":"2019-01-17T09:44:33","guid":{"rendered":"https:\/\/www.sana.sy\/es\/?p=98398"},"modified":"2019-01-17T11:45:12","modified_gmt":"2019-01-17T09:45:12","slug":"reabiertos-principales-puertos-sirios-ante-la-navegacion","status":"publish","type":"post","link":"https:\/\/archive.sana.sy\/es\/?p=98398","title":{"rendered":"Reabiertos principales puertos sirios ante la navegaci\u00f3n"},"content":{"rendered":"<p style=\"text-align: justify;\"><span style=\"color: #800000;\">Latakia, SANA<\/span><\/p>\n<p style=\"text-align: justify;\">La Direcci\u00f3n General de Puertos Mar\u00edtimos anunci\u00f3 la reapertura de los principales puertos sirios en las provincias costeras de Latakia y Tartous, tras mejorarse las condiciones clim\u00e1ticas.<\/p>\n<p style=\"text-align: justify;\">El Director General de Puertos Mar\u00edtimos, el General Akram Ibrahim, anunci\u00f3 &#8220;la reapertura de los dos puertos de Latakia y Tartous, y del puerto petrolero de Bannias que fueron cerrados debido a la tormenta que afect\u00f3 al pa\u00eds en las \u00faltimas 48 horas&#8221;.<\/p>\n<p style=\"text-align: justify;\">Ibrahim indic\u00f3 que se mantienen cerrados los puertos peque\u00f1os hasta que permitan las condiciones del tiempo su reapertura.<\/p>\n<p style=\"text-align: justify;\"><span style=\"color: #0000ff;\">F. Marouf\/ E. Dubian<\/span><\/p>\n","protected":false},"excerpt":{"rendered":"<p>Latakia, SANA La Direcci\u00f3n General de Puertos Mar\u00edtimos anunci\u00f3 la reapertura de los principales puertos sirios en las provincias costeras de Latakia y Tartous, tras mejorarse las condiciones clim\u00e1ticas. El Director General de Puertos Mar\u00edtimos, el General Akram Ibrahim, anunci\u00f3 &#8220;la reapertura de los dos puertos de Latakia y Tartous, y del puerto petrolero de &hellip;<\/p>\n","protected":false},"author":1,"featured_media":98399,"comment_status":"closed","ping_status":"closed","sticky":false,"template":"","format":"standard","meta":{"footnotes":""},"categories":[597,476,7541],"tags":[14051],"class_list":["post-98398","post","type-post","status-publish","format-standard","has-post-thumbnail","","category-cinta-de-noticias","category-locales","category-ultimas-noticias","tag-reabiertos-principales-puertos-sirios-ante-la-navegacion"],"_links":{"self":[{"href":"https:\/\/archive.sana.sy\/es\/index.php?rest_route=\/wp\/v2\/posts\/98398"}],"collection":[{"href":"https:\/\/archive.sana.sy\/es\/index.php?rest_route=\/wp\/v2\/posts"}],"about":[{"href":"https:\/\/archive.sana.sy\/es\/index.php?rest_route=\/wp\/v2\/types\/post"}],"author":[{"embeddable":true,"href":"https:\/\/archive.sana.sy\/es\/index.php?rest_route=\/wp\/v2\/users\/1"}],"replies":[{"embeddable":true,"href":"https:\/\/archive.sana.sy\/es\/index.php?rest_route=%2Fwp%2Fv2%2Fcomments&post=98398"}],"version-history":[{"count":0,"href":"https:\/\/archive.sana.sy\/es\/index.php?rest_route=\/wp\/v2\/posts\/98398\/revisions"}],"wp:featuredmedia":[{"embeddable":true,"href":"https:\/\/archive.sana.sy\/es\/index.php?rest_route=\/wp\/v2\/media\/98399"}],"wp:attachment":[{"href":"https:\/\/archive.sana.sy\/es\/index.php?rest_route=%2Fwp%2Fv2%2Fmedia&parent=98398"}],"wp:term":[{"taxonomy":"category","embeddable":true,"href":"https:\/\/archive.sana.sy\/es\/index.php?rest_route=%2Fwp%2Fv2%2Fcategories&post=98398"},{"taxonomy":"post_tag","embeddable":true,"href":"https:\/\/archive.sana.sy\/es\/index.php?rest_route=%2Fwp%2Fv2%2Ftags&post=98398"}],"curies":[{"name":"wp","href":"https:\/\/api.w.org\/{rel}","templated":true}]}}