{"id":98404,"date":"2019-01-17T12:40:38","date_gmt":"2019-01-17T10:40:38","guid":{"rendered":"https:\/\/www.sana.sy\/es\/?p=98404"},"modified":"2019-01-17T14:08:25","modified_gmt":"2019-01-17T12:08:25","slug":"ejercito-abre-fuego-contra-terroristas-que-violaron-la-zona-desmilitarizada-en-idleb","status":"publish","type":"post","link":"https:\/\/archive.sana.sy\/es\/?p=98404","title":{"rendered":"Ej\u00e9rcito abre fuego contra terroristas que violaron la zona desmilitarizada en Idleb"},"content":{"rendered":"<p style=\"text-align: justify;\"><span style=\"color: #800000;\">Hama, SANA<\/span><\/p>\n<p style=\"text-align: justify;\">Unidades del ej\u00e9rcito sirio que operan en el campo del norte de la provincia central de Hama, abrieron el fuego contra grupos terroristas que atacaron los puntos militares que protegen a la poblaci\u00f3n civil en los poblados liberados del terrorismo.<\/p>\n<p style=\"text-align: justify;\">Seg\u00fan inform\u00f3 una fuente militar, el ej\u00e9rcito lanz\u00f3 intensos ataques con misiles contra posiciones de los terroristas de la agrupaci\u00f3n radical denominada &#8220;Brigadas de Izza&#8221; en la localidad de Kafr Zeita, en respuesta a sus violaciones del acuerdo de zona desmilitarizada y sus ataques contra los puntos militares en el campo norte\u00f1o de Hama.<\/p>\n<p style=\"text-align: justify;\">Los terroristas sufrieron bajas en sus filas y perdidas en su material b\u00e9lico.<\/p>\n<p style=\"text-align: justify;\">Otros grupos terroristas fueron atacados por el ej\u00e9rcito mientras intentaban infiltrarse hacia los puntos del ej\u00e9rcito<\/p>\n<p style=\"text-align: justify;\"><span style=\"color: #0000ff;\">F. Marouf\/ E. Dubian<\/span><\/p>\n","protected":false},"excerpt":{"rendered":"<p>Hama, SANA Unidades del ej\u00e9rcito sirio que operan en el campo del norte de la provincia central de Hama, abrieron el fuego contra grupos terroristas que atacaron los puntos militares que protegen a la poblaci\u00f3n civil en los poblados liberados del terrorismo. Seg\u00fan inform\u00f3 una fuente militar, el ej\u00e9rcito lanz\u00f3 intensos ataques con misiles contra &hellip;<\/p>\n","protected":false},"author":1,"featured_media":98405,"comment_status":"closed","ping_status":"closed","sticky":false,"template":"","format":"standard","meta":{"footnotes":""},"categories":[597,573,7541],"tags":[14053],"class_list":["post-98404","post","type-post","status-publish","format-standard","has-post-thumbnail","","category-cinta-de-noticias","category-la-realidad-de-los-acontecimientos-en-siria","category-ultimas-noticias","tag-ejercito-abre-fuego-contra-terroristas-que-violaron-la-zona-desmilitarizada-en-idleb"],"_links":{"self":[{"href":"https:\/\/archive.sana.sy\/es\/index.php?rest_route=\/wp\/v2\/posts\/98404"}],"collection":[{"href":"https:\/\/archive.sana.sy\/es\/index.php?rest_route=\/wp\/v2\/posts"}],"about":[{"href":"https:\/\/archive.sana.sy\/es\/index.php?rest_route=\/wp\/v2\/types\/post"}],"author":[{"embeddable":true,"href":"https:\/\/archive.sana.sy\/es\/index.php?rest_route=\/wp\/v2\/users\/1"}],"replies":[{"embeddable":true,"href":"https:\/\/archive.sana.sy\/es\/index.php?rest_route=%2Fwp%2Fv2%2Fcomments&post=98404"}],"version-history":[{"count":0,"href":"https:\/\/archive.sana.sy\/es\/index.php?rest_route=\/wp\/v2\/posts\/98404\/revisions"}],"wp:featuredmedia":[{"embeddable":true,"href":"https:\/\/archive.sana.sy\/es\/index.php?rest_route=\/wp\/v2\/media\/98405"}],"wp:attachment":[{"href":"https:\/\/archive.sana.sy\/es\/index.php?rest_route=%2Fwp%2Fv2%2Fmedia&parent=98404"}],"wp:term":[{"taxonomy":"category","embeddable":true,"href":"https:\/\/archive.sana.sy\/es\/index.php?rest_route=%2Fwp%2Fv2%2Fcategories&post=98404"},{"taxonomy":"post_tag","embeddable":true,"href":"https:\/\/archive.sana.sy\/es\/index.php?rest_route=%2Fwp%2Fv2%2Ftags&post=98404"}],"curies":[{"name":"wp","href":"https:\/\/api.w.org\/{rel}","templated":true}]}}