{"id":98550,"date":"2019-01-20T08:45:55","date_gmt":"2019-01-20T06:45:55","guid":{"rendered":"https:\/\/www.sana.sy\/es\/?p=98550"},"modified":"2023-01-10T15:35:00","modified_gmt":"2023-01-10T13:35:00","slug":"titulares-de-la-prensa-nacional-publicada-hoy-domingo-20-de-enero","status":"publish","type":"post","link":"https:\/\/archive.sana.sy\/es\/?p=98550","title":{"rendered":"Titulares de la prensa nacional publicada hoy domingo, 20 de Enero"},"content":{"rendered":"<p><span style=\"color: #800000;\">Damasco, SANA<\/span><\/p>\n<p style=\"text-align: justify;\">Los principales diarios y medios de comunicaci\u00f3n sirios destacaron los siguientes titulares del \u00e1mbito nacional e internacional:<\/p>\n<p style=\"text-align: justify;\">&#8211; Fuerzas Armadas responden a las violaciones de los terroristas a la zona distensi\u00f3n en Idleb.<\/p>\n<p style=\"text-align: justify;\">&#8211; Una explosi\u00f3n en la circunvalaci\u00f3n sure\u00f1a en el sur de la capital Damasco y los informes preliminares hablan de un atentado terrorista.<\/p>\n<p style=\"text-align: justify;\">&#8211; Ej\u00e9rcito repele ataques terroristas contra puntos militares y poblados seguros en el campo de Hama.<\/p>\n<p style=\"text-align: justify;\">&#8211; 50 mil desplazados sirios malviven en el campamento Rukban en la frontera entre Siria y Jordania.<\/p>\n<p style=\"text-align: justify;\">&#8211; Recientes nevadas en Bloudan reactivan el turismo interno en esta localidad monta\u00f1osa.<\/p>\n<p style=\"text-align: justify;\">&#8211; Contin\u00faa por segunda semana consecutiva la campa\u00f1a voluntaria para limpiar los vecindarios de la ciudad de Deraa.<\/p>\n<p style=\"text-align: justify;\">&#8211; Introducen m\u00e1quinas modernas para desarrollar las l\u00edneas de producci\u00f3n en la f\u00e1brica de zapatos en Sweida.<\/p>\n<p style=\"text-align: justify;\">&#8211; Ministerio de Turismo presenta un complejo tur\u00edstico para la inversi\u00f3n en Latakia.<\/p>\n<p style=\"text-align: justify;\">&#8211; Selecci\u00f3n \u201cThawra\u201d es coronada campeona de la Copa de la Rep\u00fablica para Baloncesto Femenino.<\/p>\n<p style=\"text-align: justify;\">&#8211; Siria condena en\u00e9rgicamente las continuas agresiones de la &#8220;coalici\u00f3n internacional&#8221; y denuncia sus ataques contra los civiles sirios y su infraestructura.<\/p>\n<p style=\"text-align: justify;\">&#8211; Aumentan capacidad de producci\u00f3n de butano a 160 mil balones de gas diariamente.<\/p>\n<p style=\"text-align: justify;\">&#8211; Expertos rusos afirman que Washington no tiene una pol\u00edtica unificada respecto a la retirada militar de Siria.<\/p>\n<p style=\"text-align: justify;\">&#8211; Los Chalecos Amarillos reanudan sus protestas por d\u00e9cima semana para denunciar las pol\u00edticas de Macaron.<\/p>\n<p style=\"text-align: justify;\">&#8211; Una delegaci\u00f3n de empresarios sirios visita a Emiratos \u00c1rabes para conocer de la experiencia inversionista emirat\u00ed.<\/p>\n<p style=\"text-align: justify;\">&#8211; Asignan mil 82 viviendas para j\u00f3venes en la provincia de Latakia.<\/p>\n<p style=\"text-align: justify;\">&#8211; Peri\u00f3dico estadounidense dice que ya es hora de declarar a Turqu\u00eda como Estado patrocinador del terrorismo.<\/p>\n<p style=\"text-align: justify;\">&#8211; La fuerza a\u00e9rea saudita contin\u00faa sus bombardeos contra la provincia yemen\u00ed de Saada.<\/p>\n<p style=\"text-align: justify;\">&#8211; Acusadas seis personas en Bulgaria por cargo de financiaci\u00f3n de una red terrorista.<\/p>\n<p style=\"text-align: justify;\">&#8211; Una organizaci\u00f3n extremista desconocida reivindica ataque contra una iglesia en Grecia.<\/p>\n<p style=\"text-align: justify;\">&#8211; Miles de turcos se manifiestan en Diyarbakir para denunciar las pol\u00edticas represivas de Erdogan.<\/p>\n<p style=\"text-align: justify;\">&#8211; Parlamentario checo declara que Siria tiene derecho a defenderse contra el terrorismo.<\/p>\n<p style=\"text-align: justify;\">&#8211; Ministro de Exteriores iraqu\u00ed afirma que la suspensi\u00f3n de la membres\u00eda siria en la Liga \u00c1rabe fue un error.<\/p>\n<p style=\"text-align: justify;\">&#8211; Khayer: las buenas relaciones entre Siria y el L\u00edbano constituyen un alto inter\u00e9s liban\u00e9s.<\/p>\n<p style=\"text-align: justify;\">&#8211; Agencia Internacional de Energ\u00eda pronostica que capacidad mundial de refinaci\u00f3n de petr\u00f3leo crecer\u00e1 a un ritmo r\u00e9cord.<\/p>\n<p><span style=\"color: #0000ff;\">F. Marouf\/ R. Rashed\u00a0<\/span><\/p>\n","protected":false},"excerpt":{"rendered":"<p>Damasco, SANA Los principales diarios y medios de comunicaci\u00f3n sirios destacaron los siguientes titulares del \u00e1mbito nacional e internacional: &#8211; Fuerzas Armadas responden a las violaciones de los terroristas a la zona distensi\u00f3n en Idleb. &#8211; Una explosi\u00f3n en la circunvalaci\u00f3n sure\u00f1a en el sur de la capital Damasco y los informes preliminares hablan de &hellip;<\/p>\n","protected":false},"author":1,"featured_media":98551,"comment_status":"closed","ping_status":"closed","sticky":false,"template":"","format":"standard","meta":{"footnotes":""},"categories":[447,555,597,7541],"tags":[14079],"class_list":["post-98550","post","type-post","status-publish","format-standard","has-post-thumbnail","","category-local-politica","category-prensa","category-cinta-de-noticias","category-ultimas-noticias","tag-titulares-de-la-prensa-nacional-publicada-hoy-domingo-20-de-enero"],"_links":{"self":[{"href":"https:\/\/archive.sana.sy\/es\/index.php?rest_route=\/wp\/v2\/posts\/98550"}],"collection":[{"href":"https:\/\/archive.sana.sy\/es\/index.php?rest_route=\/wp\/v2\/posts"}],"about":[{"href":"https:\/\/archive.sana.sy\/es\/index.php?rest_route=\/wp\/v2\/types\/post"}],"author":[{"embeddable":true,"href":"https:\/\/archive.sana.sy\/es\/index.php?rest_route=\/wp\/v2\/users\/1"}],"replies":[{"embeddable":true,"href":"https:\/\/archive.sana.sy\/es\/index.php?rest_route=%2Fwp%2Fv2%2Fcomments&post=98550"}],"version-history":[{"count":0,"href":"https:\/\/archive.sana.sy\/es\/index.php?rest_route=\/wp\/v2\/posts\/98550\/revisions"}],"wp:featuredmedia":[{"embeddable":true,"href":"https:\/\/archive.sana.sy\/es\/index.php?rest_route=\/wp\/v2\/media\/98551"}],"wp:attachment":[{"href":"https:\/\/archive.sana.sy\/es\/index.php?rest_route=%2Fwp%2Fv2%2Fmedia&parent=98550"}],"wp:term":[{"taxonomy":"category","embeddable":true,"href":"https:\/\/archive.sana.sy\/es\/index.php?rest_route=%2Fwp%2Fv2%2Fcategories&post=98550"},{"taxonomy":"post_tag","embeddable":true,"href":"https:\/\/archive.sana.sy\/es\/index.php?rest_route=%2Fwp%2Fv2%2Ftags&post=98550"}],"curies":[{"name":"wp","href":"https:\/\/api.w.org\/{rel}","templated":true}]}}