{"id":98553,"date":"2019-01-20T08:42:06","date_gmt":"2019-01-20T06:42:06","guid":{"rendered":"https:\/\/www.sana.sy\/es\/?p=98553"},"modified":"2023-01-10T15:16:04","modified_gmt":"2023-01-10T13:16:04","slug":"resumen-de-las-noticias-economicas-durante-la-semana-recien-concluida","status":"publish","type":"post","link":"https:\/\/archive.sana.sy\/es\/?p=98553","title":{"rendered":"Resumen de las noticias econ\u00f3micas durante la semana reci\u00e9n concluida"},"content":{"rendered":"<p><span style=\"color: #800000;\">Provincias, SANA<\/span><\/p>\n<p style=\"text-align: justify;\">La semana reci\u00e9n concluida presenci\u00f3 intensas actividades de car\u00e1cter econ\u00f3mico, comercial, agr\u00edcola y de cooperaci\u00f3n bilateral, en una se\u00f1al de la recuperaci\u00f3n del pa\u00eds de la guerra terrorista.<\/p>\n<p style=\"text-align: justify;\">A continuaci\u00f3n, daremos a conocer las m\u00e1s recientes noticias en los campos econ\u00f3mico, comercial, agr\u00edcola, humanitario y de salud:<\/p>\n<p style=\"text-align: justify;\"><span style=\"color: #0000ff;\">Siria puede utilizar astilleros de Crimea para construir embarcaciones<\/span><\/p>\n<p style=\"text-align: justify;\">El ministro de Pol\u00edtica Industrial de la Rep\u00fablica rusa de Crimea, Andr\u00e9i Vasiuta, dijo que &#8220;Siria puede utilizar los astilleros en la pen\u00ednsula para construir embarcaciones sirias, en virtud de los acuerdos firmados entre las dos partes en este sentido&#8221;.<\/p>\n<p style=\"text-align: justify;\">En declaraciones citadas por la agencia Sputnik, Vasiuta explic\u00f3 que &#8220;uno de los aspectos de cooperaci\u00f3n potencial con Siria ser\u00eda la construcci\u00f3n de embarcaciones peque\u00f1as y grandes, y materiales compuestos para la infraestructura costera, as\u00ed como la reparaci\u00f3n de embarcaciones&#8221;.<\/p>\n<p style=\"text-align: justify;\">El ministro ruso explic\u00f3 adem\u00e1s, que &#8220;hay posibilidad para la cooperaci\u00f3n en la provisi\u00f3n e instalaci\u00f3n de l\u00edneas f\u00e9rreas para trenes r\u00e1pidos&#8221;.<\/p>\n<p style=\"text-align: justify;\"><span style=\"color: #000000;\">El Presidente de la Rep\u00fablica de Crimea, Sergey Ekionov, visit\u00f3 a Siria en octubre del a\u00f1o pasado encabezando una delegaci\u00f3n de ministros y empresarios.<\/span><\/p>\n<p style=\"text-align: justify;\"><span style=\"color: #0000ff;\">Aprueban inversiones por valor de casi dos mil millones de d\u00f3lares durante 2018<\/span><\/p>\n<p style=\"text-align: justify;\">El \u00d3rgano Sirio de Inversiones Sirio aprob\u00f3 durante el 2018 a 102 proyectos de inversi\u00f3n por un valor de 895 mil millones de libras sirias (equivalente a dos mil millones de d\u00f3lares), los cuales ofrecer\u00e1n 7.959 empleos cuando entran en fase de producci\u00f3n.<\/p>\n<p style=\"text-align: justify;\">En su informe anual, el \u00d3rgano explic\u00f3 que \u201cdurante el a\u00f1o pasado se ha iniciado la ejecuci\u00f3n de 34 proyectos con un capital de 10 mil millones de d\u00f3lares (Equivalente a 22 millones de d\u00f3lares)\u201d.<\/p>\n<p style=\"text-align: justify;\">\u201cTres de los proyectos aprobados fueron ejecutados y entraron en fase de producci\u00f3n, y garantizaron 800 oportunidades de trabajo\u201d, precis\u00f3 el informe.<\/p>\n<p style=\"text-align: justify;\">El \u00d3rgano aclar\u00f3 que durante el 2018, se trabaj\u00f3 en la promoci\u00f3n de inversiones a trav\u00e9s de eventos y actividades a nivel nacional, adem\u00e1s de preparar folletos en diferentes idiomas y enviarlos a las embajadas y misiones sirias en el extranjero con el fin de atraer a las compa\u00f1\u00edas extranjeras a invertir en Siria.<\/p>\n<p style=\"text-align: justify;\"><span style=\"color: #0000ff;\">M\u00e1s 15 mil instalaciones industriales y artesanales est\u00e1n en fase de producci\u00f3n en Alepo<\/span><\/p>\n<p style=\"text-align: justify;\">El n\u00famero de instalaciones industriales y artesanales que est\u00e1n en fase de producci\u00f3n en la provincia de Alepo, ascendi\u00f3 a 15 mil 197 establecimientos que abarcan las industrias textil, alimentaria, qu\u00edmica e ingenieril.<\/p>\n<p style=\"text-align: justify;\">Seg\u00fan inform\u00f3 el jefe del Departamento de Industria de Alepo, Khalaf Shawach, se otorgaron durante el a\u00f1o 2018 licencias para 129 proyectos de industria textil con un capital de tres mil millones 687 millones de libras sirias (nueve millones de d\u00f3lares), y 32 proyectos en la industria alimentaria con un capital de 589 millones de libras, adem\u00e1s de 39 proyectos en la industria ingenieril.<\/p>\n<p style=\"text-align: justify;\">Alepo fue considerada la capital industrial y comercial de Siria antes de la guerra terrorista que la azot\u00f3 a partir del a\u00f1o 2011.<\/p>\n<p style=\"text-align: justify;\">Tras la liberaci\u00f3n de Alepo del terrorismo en diciembre del 2017, el sector industrial presenci\u00f3 una notable recuperaci\u00f3n tras garantizar la electricidad y los servicios b\u00e1sicos a las zonas industriales.<\/p>\n<p style=\"text-align: justify;\"><span style=\"color: #0000ff;\">Aerol\u00edneas \u00e1rabes chequean instalaciones del Aeropuerto Internacional de Damasco con el fin de reanudar sus vuelos<\/span><\/p>\n<p style=\"text-align: justify;\">La Compa\u00f1\u00eda Siria de Aviaci\u00f3n \u201cSyrian Arab Airlines\u201d anunci\u00f3 que una delegaci\u00f3n de la Compa\u00f1\u00eda Oman\u00ed de Aviaci\u00f3n \u201cOman Air\u201d visit\u00f3 hace dos d\u00edas las instalaciones del Aeropuerto Internacional de Damasco y estuvo al tanto de la situaci\u00f3n t\u00e9cnica en el mismo, con el fin de reanudar sus vuelos a Damasco.<\/p>\n<p style=\"text-align: justify;\">La directora general de \u201cSyrian Arab Airlines\u201d, Shefa Al-Nouri, dijo que las dos compa\u00f1\u00edas a\u00e9reas: \u201cKhalij\u201d de Bahr\u00e9in e \u201cItihad\u201d de Emiratos \u00c1rabes Unidos, hicieron dos solicitudes para informarse sobre el estado t\u00e9cnico del aeropuerto.<\/p>\n<p style=\"text-align: justify;\">Afirm\u00f3 que \u201cesas acciones van en el contexto de los preparativos para que las compa\u00f1\u00edas antes mencionadas reanuden los vuelos a Damasco\u201d.<\/p>\n<p style=\"text-align: justify;\"><span style=\"color: #0000ff;\">Siria y Cuba examinan posibilidades de cooperaci\u00f3n en el sector del turismo<\/span><\/p>\n<p style=\"text-align: justify;\">El ministro de Turismo de Cuba, Manuel Marrero, reiter\u00f3 el apoyo de su pa\u00eds a Siria y su deseo de fortalecer las relaciones bilaterales y la cooperaci\u00f3n en todos los campos, particularmente en el sector del turismo.<\/p>\n<p style=\"text-align: justify;\">La postura del titular cubano fue expresada durante su reuni\u00f3n con el Embajador de Siria en Cuba, Idris Mayya, en la sede del Ministerio de Turismo de Cuba en La Habana.<\/p>\n<p style=\"text-align: justify;\">Marrero afirm\u00f3 que \u201cSiria tiene todas las posibilidades que la convertir\u00edan en un destino para el turismo internacional y la parte cubana est\u00e1 en disposici\u00f3n para brindar su experiencia en este sector a la parte siria&#8221;.<\/p>\n<p style=\"text-align: justify;\">Por su parte, el embajador Mayya afirm\u00f3 que la econom\u00eda siria ha comenzado a recuperarse en todos los sectores, incluido el sector del turismo.<\/p>\n<p style=\"text-align: justify;\">Mayya mencion\u00f3 las medidas tomadas por el Ministerio de Turismo para reactivar el movimiento tur\u00edstico en Siria, y destac\u00f3 la importancia de fortalecer las relaciones de los dos pa\u00edses en este importante sector, incluida la participaci\u00f3n en ferias y eventos tur\u00edsticos.<\/p>\n<p style=\"text-align: justify;\"><span style=\"color: #0000ff;\">Retornan cientos de refugiados a trav\u00e9s de cruce fronterizo con Jordania<\/span><\/p>\n<p style=\"text-align: justify;\">En menos de 24 horas, se registr\u00f3 el retorno de cientos de refugiados que a consecuencia del terrorismo fueron obligados a abandonar sus hogares y salir hacia Jordania.<\/p>\n<p style=\"text-align: justify;\">El retorno de esos de refugiados fue a trav\u00e9s del cruce fronterizo de Nassib con Jordania, reabierto a medianos de octubre del a\u00f1o pasado.<\/p>\n<p style=\"text-align: justify;\">El coronel Mazen Ghandour, jefe del Centro de Inmigraci\u00f3n en el cruce fronterizo de Nassib, hab\u00eda anunciado que m\u00e1s de 7000 refugiados sirios volvieron de Jordania desde la reapertura del cruce fronterizo.<\/p>\n<p style=\"text-align: justify;\"><span style=\"color: #0000ff;\">M\u00e1s de 3.000 familias regresan a sus hogares en el barrio Khalidieh en Homs<\/span><\/p>\n<p style=\"text-align: justify;\">Miles de familias retornaron a sus hogares en el liberado barrio de Khaldieh en la ciudad de Homs, 180 km al norte de la capital Damasco.<\/p>\n<p style=\"text-align: justify;\">El alcalde de Khaldieh, Majid Al-Ansari, revel\u00f3 que m\u00e1s de 3.000 familias volvieron gradualmente al vecindario, e indic\u00f3 la normalidad se consolida en el barrio tras mejorar el nivel de servicios b\u00e1sicos y la rehabilitaci\u00f3n de los centros educativos.<\/p>\n<p style=\"text-align: justify;\">En junio del 2013, el ej\u00e9rcito sirio liber\u00f3 la mayor\u00eda de los barrios de la ciudad de Homs del terrorismo, incluyendo el barrio de Khaldieh.<\/p>\n<p style=\"text-align: justify;\"><span style=\"color: #0000ff;\">Siria recupera su membres\u00eda en la Uni\u00f3n Internacional de Ferrocarriles<\/span><\/p>\n<p style=\"text-align: justify;\">El Establecimiento General de Ferrocarriles de Siria recuper\u00f3 su membres\u00eda en la Uni\u00f3n Internacional de Ferrocarriles (UIC), en virtud de una decisi\u00f3n adoptada por la Uni\u00f3n y enviada al Ministerio de Transporte sirio.<\/p>\n<p style=\"text-align: justify;\">En un comunicado, el Ministerio de Transporte inform\u00f3 que \u201cla Compa\u00f1\u00eda siria ahora puede beneficiarse al m\u00e1ximo de la actualizaci\u00f3n de su estado de miembro activo de la UIF\u201d.<\/p>\n<p style=\"text-align: justify;\">El comunicado explic\u00f3 que la Compa\u00f1\u00eda cumpli\u00f3 durante todos los a\u00f1os previos a la guerra terrorista contra Siria con sus compromisos financieros que exige la UIC, pero desde el a\u00f1o 2011 no ha podido pagar sus impuestos debido a sanciones y medidas econ\u00f3micas injustas impuestas unilateralmente contra los bancos sirios\u201d.<\/p>\n<p style=\"text-align: justify;\"><span style=\"color: #0000ff;\">Viceministro de Salud confirma que escasez de leche en polvo para ni\u00f1os se debe a sanciones occidentales<\/span><\/p>\n<p style=\"text-align: justify;\">El viceministro de Salud, Habib Abboud, confirm\u00f3 la llegada de varios cargamentos de leche en polvo para ni\u00f1os y que los mismos ser\u00e1n distribuidos en las pr\u00f3ximas horas en las farmacias de todo el pa\u00eds.<\/p>\n<p style=\"text-align: justify;\">En declaraciones a SANA, Abboud explic\u00f3 que los env\u00edos cubren las necesidades de Siria para los pr\u00f3ximos tres meses, e incluyen 27 mil cajas de productos l\u00e1cteos como NESTL\u00c9, NAN I y NAN II, y NINOLAC.<\/p>\n<p style=\"text-align: justify;\">\u201cDentro de diez d\u00edas, otras nueve compa\u00f1\u00edas ofertar\u00e1n otros tipos de leche en polvo para ni\u00f1os\u201d, revel\u00f3.<\/p>\n<p style=\"text-align: justify;\">El viceministro argument\u00f3 que la escasez de productos l\u00e1cticos infantiles se debe a las medidas econ\u00f3micas unilaterales impuestas a los importadores sirios, que los obligan a trasladar los alimentos por varios pa\u00edses antes de enviarlos al mercado sirio.<\/p>\n<p style=\"text-align: justify;\">\u201cHay propuestas para soluciones duraderas a este problema como la fabricaci\u00f3n de productos l\u00e1cteos nacionalmente, y en este sentido, tres compa\u00f1as locales solicitaron licencias para manufacturar la leche en polvo y el Ministerio de Salud har\u00e1 todo lo posible para acelerar los procedimientos necesarios para comenzar la producci\u00f3n\u201d, explic\u00f3 Abboud.<\/p>\n<p style=\"text-align: justify;\">Aclar\u00f3 que hay nueva compa\u00f1\u00edas internacionales que registraron sus productos en Siria durante 2018, y a\u00f1adi\u00f3 que hay una solicitud de Nestl\u00e9 para la reapertura de varias sucursales de su compa\u00f1a en Siria.<\/p>\n<p style=\"text-align: justify;\"><span style=\"color: #0000ff;\">Notable recuperaci\u00f3n del sector agropecuario en Ghouta Oriental<\/span><\/p>\n<p style=\"text-align: justify;\">Las abundantes lluvias esta temporada contribuyeron a levantar el sector agropecuario en la provincia de Damasco-campo y elevar el nivel de implementaci\u00f3n del plan agr\u00edcola.<\/p>\n<p style=\"text-align: justify;\">Seg\u00fan declar\u00f3 el jefe del Departamento de Agricultura en la provincia, Ali Sadat, se garantiz\u00f3 combustible, fertilizantes y forraje para los agricultores, as\u00ed como fueron distribuidos alrededor de 55 mil pl\u00e1ntulas de olivos y otras de albaricoques, cerezas y melocotones.<\/p>\n<p style=\"text-align: justify;\">Aclar\u00f3 que en Ghouta Oriental que fue liberada a principios en mayo del a\u00f1o pasado del terrorismo, fueron sembradas este a\u00f1o unas 20 mil hect\u00e1reas.<\/p>\n<p style=\"text-align: justify;\">Con respecto al sector ganadero, Sadat dijo que las estad\u00edsticas actuales muestran que hay un mill\u00f3n 500 mil ovejas y aproximadamente 174 mil vacas.<\/p>\n<p><span style=\"color: #0000ff;\">F. Marouf\/ R. Rashed\u00a0<\/span><\/p>\n","protected":false},"excerpt":{"rendered":"<p>Provincias, SANA La semana reci\u00e9n concluida presenci\u00f3 intensas actividades de car\u00e1cter econ\u00f3mico, comercial, agr\u00edcola y de cooperaci\u00f3n bilateral, en una se\u00f1al de la recuperaci\u00f3n del pa\u00eds de la guerra terrorista. A continuaci\u00f3n, daremos a conocer las m\u00e1s recientes noticias en los campos econ\u00f3mico, comercial, agr\u00edcola, humanitario y de salud: Siria puede utilizar astilleros de Crimea &hellip;<\/p>\n","protected":false},"author":1,"featured_media":98554,"comment_status":"closed","ping_status":"closed","sticky":false,"template":"","format":"standard","meta":{"footnotes":""},"categories":[597,485,7541],"tags":[14080],"class_list":["post-98553","post","type-post","status-publish","format-standard","has-post-thumbnail","","category-cinta-de-noticias","category-informes-negocios-y-finanzas","category-ultimas-noticias","tag-resumen-de-las-noticias-economicas-durante-la-semana-recien-concluida"],"_links":{"self":[{"href":"https:\/\/archive.sana.sy\/es\/index.php?rest_route=\/wp\/v2\/posts\/98553"}],"collection":[{"href":"https:\/\/archive.sana.sy\/es\/index.php?rest_route=\/wp\/v2\/posts"}],"about":[{"href":"https:\/\/archive.sana.sy\/es\/index.php?rest_route=\/wp\/v2\/types\/post"}],"author":[{"embeddable":true,"href":"https:\/\/archive.sana.sy\/es\/index.php?rest_route=\/wp\/v2\/users\/1"}],"replies":[{"embeddable":true,"href":"https:\/\/archive.sana.sy\/es\/index.php?rest_route=%2Fwp%2Fv2%2Fcomments&post=98553"}],"version-history":[{"count":0,"href":"https:\/\/archive.sana.sy\/es\/index.php?rest_route=\/wp\/v2\/posts\/98553\/revisions"}],"wp:featuredmedia":[{"embeddable":true,"href":"https:\/\/archive.sana.sy\/es\/index.php?rest_route=\/wp\/v2\/media\/98554"}],"wp:attachment":[{"href":"https:\/\/archive.sana.sy\/es\/index.php?rest_route=%2Fwp%2Fv2%2Fmedia&parent=98553"}],"wp:term":[{"taxonomy":"category","embeddable":true,"href":"https:\/\/archive.sana.sy\/es\/index.php?rest_route=%2Fwp%2Fv2%2Fcategories&post=98553"},{"taxonomy":"post_tag","embeddable":true,"href":"https:\/\/archive.sana.sy\/es\/index.php?rest_route=%2Fwp%2Fv2%2Ftags&post=98553"}],"curies":[{"name":"wp","href":"https:\/\/api.w.org\/{rel}","templated":true}]}}