{"id":98582,"date":"2019-01-20T19:52:38","date_gmt":"2019-01-20T17:52:38","guid":{"rendered":"https:\/\/sana.sy\/es\/?p=98582"},"modified":"2023-01-10T15:10:09","modified_gmt":"2023-01-10T13:10:09","slug":"celebrada-una-reunion-del-sector-privado-sirio-emiratos-en-abu-dabi","status":"publish","type":"post","link":"https:\/\/archive.sana.sy\/es\/?p=98582","title":{"rendered":"Foro del sector privado sirio-emiratos se celebra en Abu Dabi"},"content":{"rendered":"<p style=\"text-align: justify;\"><span style=\"color: #800000;\">Abu Dabi-SANA<\/span><\/p>\n<p style=\"text-align: justify;\">Se ha celebrado hoy\u00a0 el Foro del Sector Privado sirio-emiratos en Abu Dabi.<\/p>\n<p style=\"text-align: justify;\">Los participantes en el foro, abordaron varios temas de inter\u00e9s mutuo, como la industria, el intercambio comercial, las exportaciones, las exposiciones, la agricultura, el desarrollo urbano, el turismo y las energ\u00edas renovables.<\/p>\n<p style=\"text-align: justify;\">El presidente de la Junta de Comercio e Industria de los Emiratos \u00c1rabes Unidos, y presidente de la C\u00e1mara de Comercio e Industria de Abu Dabi, Mohammad Thani Mourched Ramithi, dijo que el foro se inscribe en el marco del desarrollo la relaci\u00f3n positiva existente entre los dos sectores privados de Siria y los Emiratos \u00c1rabes Unidos as\u00ed como para establecer inversiones conjuntas.<\/p>\n<p style=\"text-align: justify;\">El jefe de la delegaci\u00f3n de los empresarios sirios, y secretario general de la Uni\u00f3n de C\u00e1maras de Comercio de Siria, Mohammad Hamcho, destac\u00f3 la importancia de la celebraci\u00f3n de tales foros en materia de la reactivaci\u00f3n y de abrir nuevas perspectivas de cooperaci\u00f3n en los \u00e1mbitos de la inversi\u00f3n y el comercio as\u00ed como para crear asociaciones que contribuyen al desarrollo econ\u00f3mico. \u00a8Siria ha creado un clima favorable para la inversi\u00f3n tras la erradicaci\u00f3n del terrorismo\u00a8, puntualiz\u00f3.<\/p>\n<p style=\"text-align: justify;\"><span style=\"color: #0000ff;\">E. Dubian \/Y.K.<\/span><\/p>\n","protected":false},"excerpt":{"rendered":"<p>Abu Dabi-SANA Se ha celebrado hoy\u00a0 el Foro del Sector Privado sirio-emiratos en Abu Dabi. Los participantes en el foro, abordaron varios temas de inter\u00e9s mutuo, como la industria, el intercambio comercial, las exportaciones, las exposiciones, la agricultura, el desarrollo urbano, el turismo y las energ\u00edas renovables. El presidente de la Junta de Comercio e &hellip;<\/p>\n","protected":false},"author":1,"featured_media":98583,"comment_status":"closed","ping_status":"closed","sticky":false,"template":"","format":"standard","meta":{"footnotes":""},"categories":[597,485,7541],"tags":[14087],"class_list":["post-98582","post","type-post","status-publish","format-standard","has-post-thumbnail","","category-cinta-de-noticias","category-informes-negocios-y-finanzas","category-ultimas-noticias","tag-celebrada-una-reunion-del-sector-privado-sirio-emiratos-en-abu-dabi"],"_links":{"self":[{"href":"https:\/\/archive.sana.sy\/es\/index.php?rest_route=\/wp\/v2\/posts\/98582"}],"collection":[{"href":"https:\/\/archive.sana.sy\/es\/index.php?rest_route=\/wp\/v2\/posts"}],"about":[{"href":"https:\/\/archive.sana.sy\/es\/index.php?rest_route=\/wp\/v2\/types\/post"}],"author":[{"embeddable":true,"href":"https:\/\/archive.sana.sy\/es\/index.php?rest_route=\/wp\/v2\/users\/1"}],"replies":[{"embeddable":true,"href":"https:\/\/archive.sana.sy\/es\/index.php?rest_route=%2Fwp%2Fv2%2Fcomments&post=98582"}],"version-history":[{"count":0,"href":"https:\/\/archive.sana.sy\/es\/index.php?rest_route=\/wp\/v2\/posts\/98582\/revisions"}],"wp:featuredmedia":[{"embeddable":true,"href":"https:\/\/archive.sana.sy\/es\/index.php?rest_route=\/wp\/v2\/media\/98583"}],"wp:attachment":[{"href":"https:\/\/archive.sana.sy\/es\/index.php?rest_route=%2Fwp%2Fv2%2Fmedia&parent=98582"}],"wp:term":[{"taxonomy":"category","embeddable":true,"href":"https:\/\/archive.sana.sy\/es\/index.php?rest_route=%2Fwp%2Fv2%2Fcategories&post=98582"},{"taxonomy":"post_tag","embeddable":true,"href":"https:\/\/archive.sana.sy\/es\/index.php?rest_route=%2Fwp%2Fv2%2Ftags&post=98582"}],"curies":[{"name":"wp","href":"https:\/\/api.w.org\/{rel}","templated":true}]}}