{"id":98797,"date":"2019-01-23T17:59:18","date_gmt":"2019-01-23T15:59:18","guid":{"rendered":"https:\/\/www.sana.sy\/es\/?p=98797"},"modified":"2019-08-21T22:43:43","modified_gmt":"2019-08-21T19:43:43","slug":"presidente-al-assad-recibe-cartas-credenciales-de-los-nuevos-embajadores-de-rusia-y-bielorrusia","status":"publish","type":"post","link":"https:\/\/archive.sana.sy\/es\/?p=98797","title":{"rendered":"Presidente al-Assad recibe cartas credenciales de los nuevos embajadores de Rusia y Bielorrusia"},"content":{"rendered":"<p style=\"text-align: justify;\"><span style=\"color: #800000;\">Damasco, SANA<\/span><\/p>\n<p style=\"text-align: justify;\">El presidente, Bashar al-Assad, recibi\u00f3 este mi\u00e9rcoles las cartas credenciales de Alexander Yefimov e Yuri Saluka, los nuevos embajadores plenipotenciarios de Rusia y Bielorrusia en Damasco respectivamente.<\/p>\n<p style=\"text-align: justify;\">El mandatario sirio se reuni\u00f3 por separado con los dos embajadores, y les dese\u00f3 el mayor de los \u00e9xitos en sus misiones futuras.<\/p>\n<p style=\"text-align: justify;\">El acto de entrega de credenciales cont\u00f3 con la presencia del canciller, Walid al-Moallem, y el ministro de Estado para Asuntos Presidenciales, Mansur Azzam.<\/p>\n<div id='gallery-1' class='gallery galleryid-98797 gallery-columns-3 gallery-size-thumbnail'><figure class='gallery-item'>\n\t\t\t<div class='gallery-icon landscape'>\n\t\t\t\t<a href='https:\/\/archive.sana.sy\/es\/wp-content\/uploads\/2019\/01\/Nuevo-Embajador-de-Rusia.jpg'><img loading=\"lazy\" decoding=\"async\" width=\"150\" height=\"84\" src=\"https:\/\/archive.sana.sy\/es\/wp-content\/uploads\/2019\/01\/Nuevo-Embajador-de-Rusia-150x84.jpg\" class=\"attachment-thumbnail size-thumbnail\" alt=\"\" srcset=\"https:\/\/archive.sana.sy\/es\/wp-content\/uploads\/2019\/01\/Nuevo-Embajador-de-Rusia-150x84.jpg 150w, https:\/\/archive.sana.sy\/es\/wp-content\/uploads\/2019\/01\/Nuevo-Embajador-de-Rusia-300x168.jpg 300w, https:\/\/archive.sana.sy\/es\/wp-content\/uploads\/2019\/01\/Nuevo-Embajador-de-Rusia.jpg 660w\" sizes=\"(max-width: 150px) 100vw, 150px\" \/><\/a>\n\t\t\t<\/div><\/figure><figure class='gallery-item'>\n\t\t\t<div class='gallery-icon landscape'>\n\t\t\t\t<a href='https:\/\/archive.sana.sy\/es\/wp-content\/uploads\/2019\/01\/Nuevo-Embajador-de-Bielorrusia.jpg'><img loading=\"lazy\" decoding=\"async\" width=\"150\" height=\"107\" src=\"https:\/\/archive.sana.sy\/es\/wp-content\/uploads\/2019\/01\/Nuevo-Embajador-de-Bielorrusia-150x107.jpg\" class=\"attachment-thumbnail size-thumbnail\" alt=\"\" srcset=\"https:\/\/archive.sana.sy\/es\/wp-content\/uploads\/2019\/01\/Nuevo-Embajador-de-Bielorrusia-150x107.jpg 150w, https:\/\/archive.sana.sy\/es\/wp-content\/uploads\/2019\/01\/Nuevo-Embajador-de-Bielorrusia-300x214.jpg 300w, https:\/\/archive.sana.sy\/es\/wp-content\/uploads\/2019\/01\/Nuevo-Embajador-de-Bielorrusia.jpg 660w\" sizes=\"(max-width: 150px) 100vw, 150px\" \/><\/a>\n\t\t\t<\/div><\/figure><figure class='gallery-item'>\n\t\t\t<div class='gallery-icon landscape'>\n\t\t\t\t<a href='https:\/\/archive.sana.sy\/es\/wp-content\/uploads\/2019\/01\/Nuevo-Embajador-de-Rusia-2.jpg'><img loading=\"lazy\" decoding=\"async\" width=\"150\" height=\"115\" src=\"https:\/\/archive.sana.sy\/es\/wp-content\/uploads\/2019\/01\/Nuevo-Embajador-de-Rusia-2-150x115.jpg\" class=\"attachment-thumbnail size-thumbnail\" alt=\"\" srcset=\"https:\/\/archive.sana.sy\/es\/wp-content\/uploads\/2019\/01\/Nuevo-Embajador-de-Rusia-2-150x115.jpg 150w, https:\/\/archive.sana.sy\/es\/wp-content\/uploads\/2019\/01\/Nuevo-Embajador-de-Rusia-2-300x229.jpg 300w, https:\/\/archive.sana.sy\/es\/wp-content\/uploads\/2019\/01\/Nuevo-Embajador-de-Rusia-2.jpg 660w\" sizes=\"(max-width: 150px) 100vw, 150px\" \/><\/a>\n\t\t\t<\/div><\/figure><figure class='gallery-item'>\n\t\t\t<div class='gallery-icon landscape'>\n\t\t\t\t<a href='https:\/\/archive.sana.sy\/es\/wp-content\/uploads\/2019\/01\/Nuevo-Embajador-de-Bielorrusia-1.jpg'><img loading=\"lazy\" decoding=\"async\" width=\"150\" height=\"75\" src=\"https:\/\/archive.sana.sy\/es\/wp-content\/uploads\/2019\/01\/Nuevo-Embajador-de-Bielorrusia-1-150x75.jpg\" class=\"attachment-thumbnail size-thumbnail\" alt=\"\" srcset=\"https:\/\/archive.sana.sy\/es\/wp-content\/uploads\/2019\/01\/Nuevo-Embajador-de-Bielorrusia-1-150x75.jpg 150w, https:\/\/archive.sana.sy\/es\/wp-content\/uploads\/2019\/01\/Nuevo-Embajador-de-Bielorrusia-1-300x150.jpg 300w, https:\/\/archive.sana.sy\/es\/wp-content\/uploads\/2019\/01\/Nuevo-Embajador-de-Bielorrusia-1.jpg 660w\" sizes=\"(max-width: 150px) 100vw, 150px\" \/><\/a>\n\t\t\t<\/div><\/figure>\n\t\t<\/div>\n\n<p style=\"text-align: justify;\">Lynn A.<\/p>\n","protected":false},"excerpt":{"rendered":"<p>Damasco, SANA El presidente, Bashar al-Assad, recibi\u00f3 este mi\u00e9rcoles las cartas credenciales de Alexander Yefimov e Yuri Saluka, los nuevos embajadores plenipotenciarios de Rusia y Bielorrusia en Damasco respectivamente. El mandatario sirio se reuni\u00f3 por separado con los dos embajadores, y les dese\u00f3 el mayor de los \u00e9xitos en sus misiones futuras. El acto de &hellip;<\/p>\n","protected":false},"author":24,"featured_media":98801,"comment_status":"closed","ping_status":"closed","sticky":false,"template":"","format":"standard","meta":{"footnotes":""},"categories":[476,16237,583,626],"tags":[],"class_list":["post-98797","post","type-post","status-publish","format-standard","has-post-thumbnail","","category-locales","category-presidence-de-la-republique-arabe-syria","category-slide","category-sr-presidente"],"_links":{"self":[{"href":"https:\/\/archive.sana.sy\/es\/index.php?rest_route=\/wp\/v2\/posts\/98797"}],"collection":[{"href":"https:\/\/archive.sana.sy\/es\/index.php?rest_route=\/wp\/v2\/posts"}],"about":[{"href":"https:\/\/archive.sana.sy\/es\/index.php?rest_route=\/wp\/v2\/types\/post"}],"author":[{"embeddable":true,"href":"https:\/\/archive.sana.sy\/es\/index.php?rest_route=\/wp\/v2\/users\/24"}],"replies":[{"embeddable":true,"href":"https:\/\/archive.sana.sy\/es\/index.php?rest_route=%2Fwp%2Fv2%2Fcomments&post=98797"}],"version-history":[{"count":0,"href":"https:\/\/archive.sana.sy\/es\/index.php?rest_route=\/wp\/v2\/posts\/98797\/revisions"}],"wp:featuredmedia":[{"embeddable":true,"href":"https:\/\/archive.sana.sy\/es\/index.php?rest_route=\/wp\/v2\/media\/98801"}],"wp:attachment":[{"href":"https:\/\/archive.sana.sy\/es\/index.php?rest_route=%2Fwp%2Fv2%2Fmedia&parent=98797"}],"wp:term":[{"taxonomy":"category","embeddable":true,"href":"https:\/\/archive.sana.sy\/es\/index.php?rest_route=%2Fwp%2Fv2%2Fcategories&post=98797"},{"taxonomy":"post_tag","embeddable":true,"href":"https:\/\/archive.sana.sy\/es\/index.php?rest_route=%2Fwp%2Fv2%2Ftags&post=98797"}],"curies":[{"name":"wp","href":"https:\/\/api.w.org\/{rel}","templated":true}]}}