{"id":98824,"date":"2019-01-23T18:24:49","date_gmt":"2019-01-23T16:24:49","guid":{"rendered":"https:\/\/www.sana.sy\/es\/?p=98824"},"modified":"2019-01-23T18:34:31","modified_gmt":"2019-01-23T16:34:31","slug":"rusia-exige-el-cese-de-las-agresiones-israelies-contra-el-territorio-sirio","status":"publish","type":"post","link":"https:\/\/archive.sana.sy\/es\/?p=98824","title":{"rendered":"Rusia exige el cese de las agresiones israel\u00edes contra el territorio sirio"},"content":{"rendered":"<p style=\"text-align: justify\"><span style=\"color: #800000\">Mosc\u00fa, SANA<\/span><\/p>\n<p style=\"text-align: justify\">La Canciller\u00eda rusa expres\u00f3 su suma preocupaci\u00f3n por la cr\u00edtica situaci\u00f3n en el zona de desescalada en la provincia siria de Idleb, as\u00ed como exigi\u00f3 el cese de las agresiones israel\u00edes contra el territorio sirio.<\/p>\n<p style=\"text-align: justify\">En su rueda de prensa semanal, la portavoz de la Canciller\u00eda rusa, Mar\u00eda Zaj\u00e1rova destac\u00f3 que la situaci\u00f3n en la zona de desescalada en Idleb se deteriora de forma acelerada, haciendo referencia al control del Frente de al-Nousra de dicha zona despu\u00e9s de la retirada de los dem\u00e1s grupos terroristas de la misma.<\/p>\n<p style=\"text-align: justify\">Zaj\u00e1rova se\u00f1al\u00f3 que se registraron m\u00e1s de mil violaciones cometidas por los terroristas en dicha zona, lo que caus\u00f3 numerosos muertos y heridos, lamentando que estas continuas provocaciones representantan una amenaza para los civiles, los soldados sirios, as\u00ed como para la base a\u00e9rea de Hmemim.<\/p>\n<p style=\"text-align: justify\">Asimismo, Zaj\u00e1rova critic\u00f3 que EEUU no est\u00e1 tomando medidas concretas para retirar a sus fuerzas de Siria, resaltando la necesidad de impedir cualquier escalada en la regi\u00f3n noroeste del pa\u00eds \u00e1rabe.<\/p>\n<p style=\"text-align: justify\">Fustig\u00f3 que las tropas norteamericanas que operan de forma ilegal en Siria, asimismo sus aliados dentro del marco de la llamada Coalici\u00f3n Internacional que lucha supuestamente contra Daesh no han logrado impedir el desplazamiento de los terroristas asediados en el este de Siria a otras partes del pa\u00eds.<\/p>\n<p style=\"text-align: justify\">En otro contexto, la vocera rusa enfatiz\u00f3 la necesidad de detener las agresiones israel\u00edes contra Siria. \u201cNosotros no hemos cambiado nuestra postura hacia esta cuesti\u00f3n, ya que la misma est\u00e1 basada en el Derecho Internacional\u2026.. y las pr\u00e1cticas de ataques arbitrarias contra en el territorio de un estado soberano, en este caso Siria, deben terminar\u201d, asever\u00f3.<\/p>\n<p style=\"text-align: justify\">Lynn A.<\/p>\n","protected":false},"excerpt":{"rendered":"<p>Mosc\u00fa, SANA La Canciller\u00eda rusa expres\u00f3 su suma preocupaci\u00f3n por la cr\u00edtica situaci\u00f3n en el zona de desescalada en la provincia siria de Idleb, as\u00ed como exigi\u00f3 el cese de las agresiones israel\u00edes contra el territorio sirio. En su rueda de prensa semanal, la portavoz de la Canciller\u00eda rusa, Mar\u00eda Zaj\u00e1rova destac\u00f3 que la situaci\u00f3n &hellip;<\/p>\n","protected":false},"author":24,"featured_media":98825,"comment_status":"closed","ping_status":"closed","sticky":false,"template":"","format":"standard","meta":{"footnotes":""},"categories":[597,467,7541],"tags":[],"class_list":["post-98824","post","type-post","status-publish","format-standard","has-post-thumbnail","","category-cinta-de-noticias","category-siria-y-el-mundo","category-ultimas-noticias"],"_links":{"self":[{"href":"https:\/\/archive.sana.sy\/es\/index.php?rest_route=\/wp\/v2\/posts\/98824"}],"collection":[{"href":"https:\/\/archive.sana.sy\/es\/index.php?rest_route=\/wp\/v2\/posts"}],"about":[{"href":"https:\/\/archive.sana.sy\/es\/index.php?rest_route=\/wp\/v2\/types\/post"}],"author":[{"embeddable":true,"href":"https:\/\/archive.sana.sy\/es\/index.php?rest_route=\/wp\/v2\/users\/24"}],"replies":[{"embeddable":true,"href":"https:\/\/archive.sana.sy\/es\/index.php?rest_route=%2Fwp%2Fv2%2Fcomments&post=98824"}],"version-history":[{"count":0,"href":"https:\/\/archive.sana.sy\/es\/index.php?rest_route=\/wp\/v2\/posts\/98824\/revisions"}],"wp:featuredmedia":[{"embeddable":true,"href":"https:\/\/archive.sana.sy\/es\/index.php?rest_route=\/wp\/v2\/media\/98825"}],"wp:attachment":[{"href":"https:\/\/archive.sana.sy\/es\/index.php?rest_route=%2Fwp%2Fv2%2Fmedia&parent=98824"}],"wp:term":[{"taxonomy":"category","embeddable":true,"href":"https:\/\/archive.sana.sy\/es\/index.php?rest_route=%2Fwp%2Fv2%2Fcategories&post=98824"},{"taxonomy":"post_tag","embeddable":true,"href":"https:\/\/archive.sana.sy\/es\/index.php?rest_route=%2Fwp%2Fv2%2Ftags&post=98824"}],"curies":[{"name":"wp","href":"https:\/\/api.w.org\/{rel}","templated":true}]}}