{"id":98836,"date":"2019-01-23T15:35:27","date_gmt":"2019-01-23T13:35:27","guid":{"rendered":"https:\/\/www.sana.sy\/es\/?p=98836"},"modified":"2019-01-23T20:07:57","modified_gmt":"2019-01-23T18:07:57","slug":"jahanguiri-reuniones-de-la-comision-superior-mixta-se-desarrollaran-pronto-en-damasco","status":"publish","type":"post","link":"https:\/\/archive.sana.sy\/es\/?p=98836","title":{"rendered":"Jahanguiri: reuniones de la Comisi\u00f3n Superior Mixta se desarrollar\u00e1n pronto en Damasco"},"content":{"rendered":"<p style=\"text-align: justify\"><span style=\"color: #800000\">Teher\u00e1n, SANA<\/span><\/p>\n<p style=\"text-align: justify\">El primer vicepresidente iran\u00ed, Eshaq Jahanguiri,, reiter\u00f3 el apoyo de su pa\u00eds a Siria frente la guerra terrorista y econ\u00f3mica desatada en su contra.<\/p>\n<p style=\"text-align: justify\">Al reunirse este mi\u00e9rcoles con el embajador de Siria en Teher\u00e1n, Dr. Adanan Mamud, el alto funcionario persa se\u00f1al\u00f3 que Ir\u00e1n seguir\u00e1 apoyando a Siria hasta que alcance la victoria definitiva sobre el terrorismo, asimismo inform\u00f3 que el sector privado participar\u00e1 en el proceso de reconstrucci\u00f3n de Siria.<\/p>\n<p style=\"text-align: justify\">Record\u00f3 que la Comisi\u00f3n Superior Mixta Sirio-Iran\u00ed sostendr\u00e1n pronto sus reuniones en Damasco, agregando que estos encuentros contribuir\u00e1n a consolidar las relaciones binacionales en materia econ\u00f3mica y comercial, y en el aumento del volumen del intercambio comercial.<\/p>\n<p style=\"text-align: justify\">Por su parte, el embajador sirio reiter\u00f3 que la victoria de Siria sobre el terrorismo es una victoria para Ir\u00e1n y para todos los aliados, valorando altamente la postura solidaria del pa\u00eds amigp hacia Siria durante los a\u00f1os de la guerra.<\/p>\n<p style=\"text-align: justify\">Asimismo hizo hincapi\u00e9 en la necesidad de fortalecer la cooperaci\u00f3n econ\u00f3mica binacional y de hacer frente a las injustas medidas econ\u00f3micas impuestas por la hegemon\u00eda internacional a ambos pa\u00edses.<\/p>\n<p>&nbsp;<\/p>\n<p style=\"text-align: justify\">Lynn A.<\/p>\n","protected":false},"excerpt":{"rendered":"<p>Teher\u00e1n, SANA El primer vicepresidente iran\u00ed, Eshaq Jahanguiri,, reiter\u00f3 el apoyo de su pa\u00eds a Siria frente la guerra terrorista y econ\u00f3mica desatada en su contra. Al reunirse este mi\u00e9rcoles con el embajador de Siria en Teher\u00e1n, Dr. Adanan Mamud, el alto funcionario persa se\u00f1al\u00f3 que Ir\u00e1n seguir\u00e1 apoyando a Siria hasta que alcance la &hellip;<\/p>\n","protected":false},"author":24,"featured_media":98838,"comment_status":"closed","ping_status":"closed","sticky":false,"template":"","format":"standard","meta":{"footnotes":""},"categories":[597,467,7541],"tags":[],"class_list":["post-98836","post","type-post","status-publish","format-standard","has-post-thumbnail","","category-cinta-de-noticias","category-siria-y-el-mundo","category-ultimas-noticias"],"_links":{"self":[{"href":"https:\/\/archive.sana.sy\/es\/index.php?rest_route=\/wp\/v2\/posts\/98836"}],"collection":[{"href":"https:\/\/archive.sana.sy\/es\/index.php?rest_route=\/wp\/v2\/posts"}],"about":[{"href":"https:\/\/archive.sana.sy\/es\/index.php?rest_route=\/wp\/v2\/types\/post"}],"author":[{"embeddable":true,"href":"https:\/\/archive.sana.sy\/es\/index.php?rest_route=\/wp\/v2\/users\/24"}],"replies":[{"embeddable":true,"href":"https:\/\/archive.sana.sy\/es\/index.php?rest_route=%2Fwp%2Fv2%2Fcomments&post=98836"}],"version-history":[{"count":0,"href":"https:\/\/archive.sana.sy\/es\/index.php?rest_route=\/wp\/v2\/posts\/98836\/revisions"}],"wp:featuredmedia":[{"embeddable":true,"href":"https:\/\/archive.sana.sy\/es\/index.php?rest_route=\/wp\/v2\/media\/98838"}],"wp:attachment":[{"href":"https:\/\/archive.sana.sy\/es\/index.php?rest_route=%2Fwp%2Fv2%2Fmedia&parent=98836"}],"wp:term":[{"taxonomy":"category","embeddable":true,"href":"https:\/\/archive.sana.sy\/es\/index.php?rest_route=%2Fwp%2Fv2%2Fcategories&post=98836"},{"taxonomy":"post_tag","embeddable":true,"href":"https:\/\/archive.sana.sy\/es\/index.php?rest_route=%2Fwp%2Fv2%2Ftags&post=98836"}],"curies":[{"name":"wp","href":"https:\/\/api.w.org\/{rel}","templated":true}]}}