{"id":98848,"date":"2019-01-23T22:40:40","date_gmt":"2019-01-23T20:40:40","guid":{"rendered":"https:\/\/www.sana.sy\/es\/?p=98848"},"modified":"2019-01-24T10:50:49","modified_gmt":"2019-01-24T08:50:49","slug":"putin-la-operacion-antiterrorista-continuara-en-siria","status":"publish","type":"post","link":"https:\/\/archive.sana.sy\/es\/?p=98848","title":{"rendered":"Operaci\u00f3n antiterrorista en Siria continuar\u00e1, afirma Putin"},"content":{"rendered":"<p style=\"text-align: justify;\"><span style=\"color: #800000;\">Mosc\u00fa, SANA<\/span><\/p>\n<p style=\"text-align: justify;\">El presidente ruso, Vladimir Putin, dijo que la operaci\u00f3n antiterrorista en Siria continuar\u00e1 hasta la eliminaci\u00f3n completa de este flageo, y asegur\u00f3 que la retirada de las fuerzas estadounidenses de Siria, en caso de concretarse, ser\u00eda un paso positivo para lograr la estabilidad.<\/p>\n<p style=\"text-align: justify;\">La postura del mandatario ruso fue expresada durante una conferencia de prensa con el presidente del r\u00e9gimen turco Recep Tayyip Erdogan, en Mosc\u00fa.<\/p>\n<p style=\"text-align: justify;\">&#8220;Nuestra postura es firme y se basa en trabajar de en virtud de la Resoluci\u00f3n de la ONU No. 2254 y a base del respeto a la soberan\u00eda e integridad territorial de Siria&#8221;, dijo Putin.<\/p>\n<p style=\"text-align: justify;\">Sobre el acuerdo de Sochi relativo a Idleb, el presidente ruso enfatiz\u00f3 que la lucha contra el terrorismo continuar\u00e1 y que el cese al fuego no debe hacerse a costa de la lucha contra el terrorismo.<\/p>\n<p style=\"text-align: justify;\">&#8220;La cumbre de los jefes de Estados garantes al trayecto de Astan\u00e1 (Rusia, Ir\u00e1n y Turqu\u00eda) se efectuar\u00e1 pronto en Rusia&#8221;, revel\u00f3.<\/p>\n<p style=\"text-align: justify;\">Reiter\u00f3 que la presencia de las fuerzas estadounidenses en Siria es ilegal porque no fue a solicitud del gobierno sirio, se\u00f1alando que su retiro ser\u00eda un paso positivo para lograr la estabilidad.<\/p>\n<p style=\"text-align: justify;\"><span style=\"color: #0000ff;\">Lynn A\/F. Marouf\/ R. Rashed\u00a0<\/span><\/p>\n","protected":false},"excerpt":{"rendered":"<p>Mosc\u00fa, SANA El presidente ruso, Vladimir Putin, dijo que la operaci\u00f3n antiterrorista en Siria continuar\u00e1 hasta la eliminaci\u00f3n completa de este flageo, y asegur\u00f3 que la retirada de las fuerzas estadounidenses de Siria, en caso de concretarse, ser\u00eda un paso positivo para lograr la estabilidad. La postura del mandatario ruso fue expresada durante una conferencia &hellip;<\/p>\n","protected":false},"author":1,"featured_media":98849,"comment_status":"closed","ping_status":"closed","sticky":false,"template":"","format":"standard","meta":{"footnotes":""},"categories":[597,467,7541],"tags":[14123],"class_list":["post-98848","post","type-post","status-publish","format-standard","has-post-thumbnail","","category-cinta-de-noticias","category-siria-y-el-mundo","category-ultimas-noticias","tag-operacion-antiterrorista-en-siria-continuara-afirma-putin"],"_links":{"self":[{"href":"https:\/\/archive.sana.sy\/es\/index.php?rest_route=\/wp\/v2\/posts\/98848"}],"collection":[{"href":"https:\/\/archive.sana.sy\/es\/index.php?rest_route=\/wp\/v2\/posts"}],"about":[{"href":"https:\/\/archive.sana.sy\/es\/index.php?rest_route=\/wp\/v2\/types\/post"}],"author":[{"embeddable":true,"href":"https:\/\/archive.sana.sy\/es\/index.php?rest_route=\/wp\/v2\/users\/1"}],"replies":[{"embeddable":true,"href":"https:\/\/archive.sana.sy\/es\/index.php?rest_route=%2Fwp%2Fv2%2Fcomments&post=98848"}],"version-history":[{"count":0,"href":"https:\/\/archive.sana.sy\/es\/index.php?rest_route=\/wp\/v2\/posts\/98848\/revisions"}],"wp:featuredmedia":[{"embeddable":true,"href":"https:\/\/archive.sana.sy\/es\/index.php?rest_route=\/wp\/v2\/media\/98849"}],"wp:attachment":[{"href":"https:\/\/archive.sana.sy\/es\/index.php?rest_route=%2Fwp%2Fv2%2Fmedia&parent=98848"}],"wp:term":[{"taxonomy":"category","embeddable":true,"href":"https:\/\/archive.sana.sy\/es\/index.php?rest_route=%2Fwp%2Fv2%2Fcategories&post=98848"},{"taxonomy":"post_tag","embeddable":true,"href":"https:\/\/archive.sana.sy\/es\/index.php?rest_route=%2Fwp%2Fv2%2Ftags&post=98848"}],"curies":[{"name":"wp","href":"https:\/\/api.w.org\/{rel}","templated":true}]}}