{"id":9885,"date":"2014-09-24T21:10:46","date_gmt":"2014-09-24T18:10:46","guid":{"rendered":"http:\/\/www.sana.sy\/es\/?p=9885"},"modified":"2014-09-24T23:02:34","modified_gmt":"2014-09-24T20:02:34","slug":"shammat-necesidad-de-establecer-un-sistema-eficaz-de-proteccion-social","status":"publish","type":"post","link":"https:\/\/archive.sana.sy\/es\/?p=9885","title":{"rendered":"Shammat: hay necesidad de establecer un sistema eficaz de protecci\u00f3n social"},"content":{"rendered":"<p style=\"text-align: justify\"><span style=\"color: #800000\">Damasco, SANA<\/span><\/p>\n<p style=\"text-align: justify\">La Ministra de Asuntos Sociales, Kinda Al-Shammat, hizo hincapi\u00e9 en la necesidad de desarrollar un sistema eficaz de protecci\u00f3n social que incluya a las mujeres y los ni\u00f1os, con el argumento de que esta es una prioridad en la fase actual.<\/p>\n<p style=\"text-align: justify\">En una reuni\u00f3n con los periodistas, Shammat asegur\u00f3 que una unidad para la protecci\u00f3n de la familia se abrir\u00e1 pronto a reintegrar los m\u00e1s afectados, como los ni\u00f1os y las mujeres de acuerdo a unos programas espec\u00edficos que garanticen rehabilitarlos psicol\u00f3gica y socialmente, en colaboraci\u00f3n con las organizaciones internacionales.<\/p>\n<p style=\"text-align: justify\">Adem\u00e1s, ha subrayado que las organizaciones de la sociedad civil tienen un papel importante para desempe\u00f1ar en la cuesti\u00f3n de la protecci\u00f3n en la pr\u00f3xima etapa.<\/p>\n<p style=\"text-align: justify\">Asimismo, hizo hincapi\u00e9 en este sentido en el papel de los medios de comunicaci\u00f3n en la exposici\u00f3n de violaciones de las redes terroristas armadas contra ni\u00f1os y mujeres.<\/p>\n<p style=\"text-align: justify\">La Ministra se refiri\u00f3 al desplazamiento colectivo de los ciudadanos de Ein Arab situada en la provincia de Hasaka, debido a los actos de la llamada organizaci\u00f3n terrorista \u201cEstado Isl\u00e1mico (EI)\u201d, pidiendo al Programa Mundial de Alimentos \u00a0aumentar la ayuda humanitaria a la provincia para satisfacer las necesidades de los ciudadanos.<\/p>\n<p style=\"text-align: justify\"><a href=\"http:\/\/www.sana.sy\/es\/wp-content\/uploads\/2014\/09\/118.jpg\"><img loading=\"lazy\" decoding=\"async\" class=\"alignnone  wp-image-9886\" src=\"http:\/\/www.sana.sy\/es\/wp-content\/uploads\/2014\/09\/118-300x172.jpg\" alt=\"1\" width=\"223\" height=\"128\" srcset=\"https:\/\/archive.sana.sy\/es\/wp-content\/uploads\/2014\/09\/118-300x172.jpg 300w, https:\/\/archive.sana.sy\/es\/wp-content\/uploads\/2014\/09\/118-150x86.jpg 150w, https:\/\/archive.sana.sy\/es\/wp-content\/uploads\/2014\/09\/118.jpg 353w\" sizes=\"(max-width: 223px) 100vw, 223px\" \/><\/a>\u00a0\u00a0<a href=\"http:\/\/www.sana.sy\/es\/wp-content\/uploads\/2014\/09\/210.jpg\"><img loading=\"lazy\" decoding=\"async\" class=\"alignnone  wp-image-9887\" src=\"http:\/\/www.sana.sy\/es\/wp-content\/uploads\/2014\/09\/210-300x170.jpg\" alt=\"2\" width=\"223\" height=\"126\" srcset=\"https:\/\/archive.sana.sy\/es\/wp-content\/uploads\/2014\/09\/210-300x170.jpg 300w, https:\/\/archive.sana.sy\/es\/wp-content\/uploads\/2014\/09\/210-150x85.jpg 150w, https:\/\/archive.sana.sy\/es\/wp-content\/uploads\/2014\/09\/210.jpg 358w\" sizes=\"(max-width: 223px) 100vw, 223px\" \/><\/a><\/p>\n<p style=\"text-align: justify\"><span style=\"color: #0000ff\">Ghifar Al., Riyad Sh.<\/span><\/p>\n","protected":false},"excerpt":{"rendered":"<p>Damasco, SANA La Ministra de Asuntos Sociales, Kinda Al-Shammat, hizo hincapi\u00e9 en la necesidad de desarrollar un sistema eficaz de protecci\u00f3n social que incluya a las mujeres y los ni\u00f1os, con el argumento de que esta es una prioridad en la fase actual. En una reuni\u00f3n con los periodistas, Shammat asegur\u00f3 que una unidad para &hellip;<\/p>\n","protected":false},"author":1,"featured_media":9888,"comment_status":"closed","ping_status":"closed","sticky":false,"template":"","format":"standard","meta":{"footnotes":""},"categories":[597,476,457],"tags":[2197],"class_list":["post-9885","post","type-post","status-publish","format-standard","has-post-thumbnail","","category-cinta-de-noticias","category-locales","category-noticias-arabe-internacional-politica","tag-shammat-hay-necesidad-de-establecer-un-sistema-eficaz-de-proteccion-social"],"_links":{"self":[{"href":"https:\/\/archive.sana.sy\/es\/index.php?rest_route=\/wp\/v2\/posts\/9885"}],"collection":[{"href":"https:\/\/archive.sana.sy\/es\/index.php?rest_route=\/wp\/v2\/posts"}],"about":[{"href":"https:\/\/archive.sana.sy\/es\/index.php?rest_route=\/wp\/v2\/types\/post"}],"author":[{"embeddable":true,"href":"https:\/\/archive.sana.sy\/es\/index.php?rest_route=\/wp\/v2\/users\/1"}],"replies":[{"embeddable":true,"href":"https:\/\/archive.sana.sy\/es\/index.php?rest_route=%2Fwp%2Fv2%2Fcomments&post=9885"}],"version-history":[{"count":0,"href":"https:\/\/archive.sana.sy\/es\/index.php?rest_route=\/wp\/v2\/posts\/9885\/revisions"}],"wp:featuredmedia":[{"embeddable":true,"href":"https:\/\/archive.sana.sy\/es\/index.php?rest_route=\/wp\/v2\/media\/9888"}],"wp:attachment":[{"href":"https:\/\/archive.sana.sy\/es\/index.php?rest_route=%2Fwp%2Fv2%2Fmedia&parent=9885"}],"wp:term":[{"taxonomy":"category","embeddable":true,"href":"https:\/\/archive.sana.sy\/es\/index.php?rest_route=%2Fwp%2Fv2%2Fcategories&post=9885"},{"taxonomy":"post_tag","embeddable":true,"href":"https:\/\/archive.sana.sy\/es\/index.php?rest_route=%2Fwp%2Fv2%2Ftags&post=9885"}],"curies":[{"name":"wp","href":"https:\/\/api.w.org\/{rel}","templated":true}]}}