{"id":98854,"date":"2019-01-24T10:58:11","date_gmt":"2019-01-24T08:58:11","guid":{"rendered":"https:\/\/www.sana.sy\/es\/?p=98854"},"modified":"2023-01-10T15:10:09","modified_gmt":"2023-01-10T13:10:09","slug":"destacada-participacion-siria-en-la-feria-internacional-de-turismo-fitur-2019","status":"publish","type":"post","link":"https:\/\/archive.sana.sy\/es\/?p=98854","title":{"rendered":"Destacada participaci\u00f3n siria en la Feria Internacional de Turismo FITUR 2019"},"content":{"rendered":"<p style=\"text-align: justify;\"><span style=\"color: #800000;\">Madrid, SANA<\/span><\/p>\n<p style=\"text-align: justify;\">Junto a otros 165 pa\u00edses, Siria participa en la XXXIX Edici\u00f3n de la Feria Internacional de Turismo &#8220;FITUR 2019&#8221; que se celebra en la capital espa\u00f1ola Madrid, del 23 al 27 del mes en curso.<\/p>\n<p style=\"text-align: justify;\">La delegaci\u00f3n siria participante en este importante evento incluye al ministro de Turismo, Mohamed Rami Radwan, y representantes de las aerol\u00edneas y de las oficinas de turismo y viajes sirias.<\/p>\n<p style=\"text-align: justify;\">&#8220;El objetivo de la participaci\u00f3n siria es promover la riqueza cultural y la diversidad tur\u00edstica de Siria, y tambi\u00e9n dar a conocer al mundo los elementos de historia y la civilizaci\u00f3n siria&#8221;, declar\u00f3 el ministro de turismo a medios espa\u00f1oles.<\/p>\n<p style=\"text-align: justify;\">Llam\u00f3 a los medios de comunicaci\u00f3n espa\u00f1oles para visitar a Siria para conocer la realidad de lo que est\u00e1 pasando y transmitir la imagen real a la opini\u00f3n p\u00fablica espa\u00f1ola.<\/p>\n<p style=\"text-align: justify;\">FITUR es un evento global en el que participan las m\u00e1s importantes compa\u00f1\u00edas tur\u00edsticas de todo el mundo.<\/p>\n<p style=\"text-align: justify;\">Siria hab\u00eda participado en la edici\u00f3n anterior, junto a m\u00e1s de 10 mil empresas y oficinas de turismo procedentes de 165 provincias y pa\u00edses.<\/p>\n<p style=\"text-align: justify;\"><span style=\"color: #0000ff;\">F. Marouf\/ E. Dubian<\/span><\/p>\n","protected":false},"excerpt":{"rendered":"<p>Madrid, SANA Junto a otros 165 pa\u00edses, Siria participa en la XXXIX Edici\u00f3n de la Feria Internacional de Turismo &#8220;FITUR 2019&#8221; que se celebra en la capital espa\u00f1ola Madrid, del 23 al 27 del mes en curso. La delegaci\u00f3n siria participante en este importante evento incluye al ministro de Turismo, Mohamed Rami Radwan, y representantes &hellip;<\/p>\n","protected":false},"author":1,"featured_media":98855,"comment_status":"closed","ping_status":"closed","sticky":false,"template":"","format":"standard","meta":{"footnotes":""},"categories":[597,485,7541],"tags":[14124],"class_list":["post-98854","post","type-post","status-publish","format-standard","has-post-thumbnail","","category-cinta-de-noticias","category-informes-negocios-y-finanzas","category-ultimas-noticias","tag-destacada-participacion-siria-en-la-feria-internacional-de-turismo-fitur-2019"],"_links":{"self":[{"href":"https:\/\/archive.sana.sy\/es\/index.php?rest_route=\/wp\/v2\/posts\/98854"}],"collection":[{"href":"https:\/\/archive.sana.sy\/es\/index.php?rest_route=\/wp\/v2\/posts"}],"about":[{"href":"https:\/\/archive.sana.sy\/es\/index.php?rest_route=\/wp\/v2\/types\/post"}],"author":[{"embeddable":true,"href":"https:\/\/archive.sana.sy\/es\/index.php?rest_route=\/wp\/v2\/users\/1"}],"replies":[{"embeddable":true,"href":"https:\/\/archive.sana.sy\/es\/index.php?rest_route=%2Fwp%2Fv2%2Fcomments&post=98854"}],"version-history":[{"count":0,"href":"https:\/\/archive.sana.sy\/es\/index.php?rest_route=\/wp\/v2\/posts\/98854\/revisions"}],"wp:featuredmedia":[{"embeddable":true,"href":"https:\/\/archive.sana.sy\/es\/index.php?rest_route=\/wp\/v2\/media\/98855"}],"wp:attachment":[{"href":"https:\/\/archive.sana.sy\/es\/index.php?rest_route=%2Fwp%2Fv2%2Fmedia&parent=98854"}],"wp:term":[{"taxonomy":"category","embeddable":true,"href":"https:\/\/archive.sana.sy\/es\/index.php?rest_route=%2Fwp%2Fv2%2Fcategories&post=98854"},{"taxonomy":"post_tag","embeddable":true,"href":"https:\/\/archive.sana.sy\/es\/index.php?rest_route=%2Fwp%2Fv2%2Ftags&post=98854"}],"curies":[{"name":"wp","href":"https:\/\/api.w.org\/{rel}","templated":true}]}}