{"id":98927,"date":"2019-01-25T11:11:52","date_gmt":"2019-01-25T09:11:52","guid":{"rendered":"https:\/\/www.sana.sy\/es\/?p=98927"},"modified":"2019-01-25T11:13:31","modified_gmt":"2019-01-25T09:13:31","slug":"los-palestinos-participantes-en-el-viernes-de-el-crimen-del-asedio-es-un-complot-que-no-pasara","status":"publish","type":"post","link":"https:\/\/archive.sana.sy\/es\/?p=98927","title":{"rendered":"Los palestinos participantes en el viernes de &#8220;El crimen del asedio es un complot que no pasar\u00e1&#8221;"},"content":{"rendered":"<p style=\"text-align: justify\"><span style=\"color: #800000\">Jerusal\u00e9n ocupada, SANA<\/span><\/p>\n<p style=\"text-align: justify\">Los palestinos en la Franja de Gaza se disponen a participar en el 44\u00ba viernes de las Marchas por el Retorno y por Romper el Bloqueo, bajo el lema: &#8220;El crimen del Bloqueo es un complot que no pasar\u00e1&#8221;.<\/p>\n<p style=\"text-align: justify\">Medios de informaci\u00f3n palestinos citaron al Alto Comit\u00e9 de las Marchas por el Retorno invitando a la poblaci\u00f3n de la Franja a participar en el viernes de &#8220;El crimen del asedio es un complot que no pasar\u00e1&#8221;, para reafirmar que es inaceptable la pol\u00edtica de hambrear al pueblo palestino y mantener el injusto bloqueo impuesto por la ocupaci\u00f3n israel\u00ed.<\/p>\n<p style=\"text-align: justify\">El Comit\u00e9 llam\u00f3 a la comunidad internacional a intervenir urgentemente por levantar el bloqueo y poner fin a la ocupaci\u00f3n subrayando que la unidad nacional es la v\u00e1lvula de seguridad para el pueblo palestino y es el camino de la victoria sobre la ocupaci\u00f3n y sus cr\u00edmenes y los complots que se proponen liquidar la causa palestina sobre todo el &#8220;Acuerdo del Siglo&#8221;.<\/p>\n<p style=\"text-align: justify\"><span style=\"color: #0000ff\">Dr. A. Shaban\/ Ammar H.<\/span><\/p>\n","protected":false},"excerpt":{"rendered":"<p>Jerusal\u00e9n ocupada, SANA Los palestinos en la Franja de Gaza se disponen a participar en el 44\u00ba viernes de las Marchas por el Retorno y por Romper el Bloqueo, bajo el lema: &#8220;El crimen del Bloqueo es un complot que no pasar\u00e1&#8221;. Medios de informaci\u00f3n palestinos citaron al Alto Comit\u00e9 de las Marchas por el &hellip;<\/p>\n","protected":false},"author":30,"featured_media":98928,"comment_status":"closed","ping_status":"closed","sticky":false,"template":"","format":"standard","meta":{"footnotes":""},"categories":[597,456,7541],"tags":[],"class_list":["post-98927","post","type-post","status-publish","format-standard","has-post-thumbnail","","category-cinta-de-noticias","category-arabe-internacional-politica","category-ultimas-noticias"],"_links":{"self":[{"href":"https:\/\/archive.sana.sy\/es\/index.php?rest_route=\/wp\/v2\/posts\/98927"}],"collection":[{"href":"https:\/\/archive.sana.sy\/es\/index.php?rest_route=\/wp\/v2\/posts"}],"about":[{"href":"https:\/\/archive.sana.sy\/es\/index.php?rest_route=\/wp\/v2\/types\/post"}],"author":[{"embeddable":true,"href":"https:\/\/archive.sana.sy\/es\/index.php?rest_route=\/wp\/v2\/users\/30"}],"replies":[{"embeddable":true,"href":"https:\/\/archive.sana.sy\/es\/index.php?rest_route=%2Fwp%2Fv2%2Fcomments&post=98927"}],"version-history":[{"count":0,"href":"https:\/\/archive.sana.sy\/es\/index.php?rest_route=\/wp\/v2\/posts\/98927\/revisions"}],"wp:featuredmedia":[{"embeddable":true,"href":"https:\/\/archive.sana.sy\/es\/index.php?rest_route=\/wp\/v2\/media\/98928"}],"wp:attachment":[{"href":"https:\/\/archive.sana.sy\/es\/index.php?rest_route=%2Fwp%2Fv2%2Fmedia&parent=98927"}],"wp:term":[{"taxonomy":"category","embeddable":true,"href":"https:\/\/archive.sana.sy\/es\/index.php?rest_route=%2Fwp%2Fv2%2Fcategories&post=98927"},{"taxonomy":"post_tag","embeddable":true,"href":"https:\/\/archive.sana.sy\/es\/index.php?rest_route=%2Fwp%2Fv2%2Ftags&post=98927"}],"curies":[{"name":"wp","href":"https:\/\/api.w.org\/{rel}","templated":true}]}}