{"id":99026,"date":"2019-01-26T11:16:16","date_gmt":"2019-01-26T09:16:16","guid":{"rendered":"https:\/\/www.sana.sy\/es\/?p=99026"},"modified":"2019-01-26T11:16:16","modified_gmt":"2019-01-26T09:16:16","slug":"la-pelicula-amina-se-estrena-en-dar-al-assad-para-la-cultura-en-latakia","status":"publish","type":"post","link":"https:\/\/archive.sana.sy\/es\/?p=99026","title":{"rendered":"La pel\u00edcula &#8220;Amina&#8221; se estrena en Dar Al Assad para la Cultura en Latakia"},"content":{"rendered":"<p style=\"text-align: justify;\"><span style=\"color: #800000;\">Latakia, SANA<\/span><\/p>\n<p style=\"text-align: justify;\">Las proyecciones p\u00fablicas de la pel\u00edcula &#8220;Amina&#8221; se iniciaron en Dar al-Assad para la Cultura en Latakia el viernes en presencia del director de cine Ayman Zeidan y varios artistas participantes.<\/p>\n<p style=\"text-align: justify;\">La pel\u00edcula plantea el tema de la lucha de las mujeres sirias y las dificultades y el profundo sufrimiento que enfrentaron durante la guerra.<\/p>\n<p style=\"text-align: justify;\">La pel\u00edcula cuenta la historia de la paciente madre &#8220;Amina&#8221;, que se enfrenta a muchos problemas y dificultades debido a las circunstancias de su hijo, quien no puede moverse ni hablar debido a las lesiones causadas por la guerra y la muerte del marido, Se encontr\u00f3 sola enfrentando muchos desaf\u00edos para proteger a su hijo herido, a su familia y su fuente de sustento.<\/p>\n<p style=\"text-align: justify;\">La pel\u00edcula de dos horas es una especie de sentimentalismo mezclado con mucho dolor, tristeza, sacrificio, paciencia, esperanza y reflejo de las relaciones humanas.<\/p>\n<p style=\"text-align: justify;\">Zeidan dijo en una declaraci\u00f3n a SANA que, al igual que otras pel\u00edculas de guerra producidas por el Establecimiento General de Cine durante m\u00e1s de ocho a\u00f1os, la pel\u00edcula presenta un mensaje doloroso y emocional sobre la mujer siria que se convirti\u00f3 en un \u00edcono de la paciencia, y retrata a la gran figura materna que se enfrenta a la guerra por todos los medios.<\/p>\n<p style=\"text-align: justify;\">Las estrellas de cine son Nadine Khoury (en el papel de la madre \u201cAmina\u201d), Lina Hourana, Kassem Mellouh, Joud Said, Hazem Zeidan, Lama Baddour y otros actores y actrices sirios.<\/p>\n<p style=\"text-align: justify;\"><span style=\"color: #0000ff;\">E. Dubian\/ Riad Sh.<\/span><\/p>\n","protected":false},"excerpt":{"rendered":"<p>Latakia, SANA Las proyecciones p\u00fablicas de la pel\u00edcula &#8220;Amina&#8221; se iniciaron en Dar al-Assad para la Cultura en Latakia el viernes en presencia del director de cine Ayman Zeidan y varios artistas participantes. La pel\u00edcula plantea el tema de la lucha de las mujeres sirias y las dificultades y el profundo sufrimiento que enfrentaron durante &hellip;<\/p>\n","protected":false},"author":1,"featured_media":99027,"comment_status":"closed","ping_status":"closed","sticky":false,"template":"","format":"standard","meta":{"footnotes":""},"categories":[597,510,7541],"tags":[14156],"class_list":["post-99026","post","type-post","status-publish","format-standard","has-post-thumbnail","","category-cinta-de-noticias","category-arte-y-cultura","category-ultimas-noticias","tag-la-pelicula-amina-se-estrena-en-dar-al-assad-para-la-cultura-en-latakia"],"_links":{"self":[{"href":"https:\/\/archive.sana.sy\/es\/index.php?rest_route=\/wp\/v2\/posts\/99026"}],"collection":[{"href":"https:\/\/archive.sana.sy\/es\/index.php?rest_route=\/wp\/v2\/posts"}],"about":[{"href":"https:\/\/archive.sana.sy\/es\/index.php?rest_route=\/wp\/v2\/types\/post"}],"author":[{"embeddable":true,"href":"https:\/\/archive.sana.sy\/es\/index.php?rest_route=\/wp\/v2\/users\/1"}],"replies":[{"embeddable":true,"href":"https:\/\/archive.sana.sy\/es\/index.php?rest_route=%2Fwp%2Fv2%2Fcomments&post=99026"}],"version-history":[{"count":0,"href":"https:\/\/archive.sana.sy\/es\/index.php?rest_route=\/wp\/v2\/posts\/99026\/revisions"}],"wp:featuredmedia":[{"embeddable":true,"href":"https:\/\/archive.sana.sy\/es\/index.php?rest_route=\/wp\/v2\/media\/99027"}],"wp:attachment":[{"href":"https:\/\/archive.sana.sy\/es\/index.php?rest_route=%2Fwp%2Fv2%2Fmedia&parent=99026"}],"wp:term":[{"taxonomy":"category","embeddable":true,"href":"https:\/\/archive.sana.sy\/es\/index.php?rest_route=%2Fwp%2Fv2%2Fcategories&post=99026"},{"taxonomy":"post_tag","embeddable":true,"href":"https:\/\/archive.sana.sy\/es\/index.php?rest_route=%2Fwp%2Fv2%2Ftags&post=99026"}],"curies":[{"name":"wp","href":"https:\/\/api.w.org\/{rel}","templated":true}]}}