{"id":99098,"date":"2019-01-27T18:35:40","date_gmt":"2019-01-27T16:35:40","guid":{"rendered":"https:\/\/sana.sy\/es\/?p=99098"},"modified":"2019-02-08T22:57:59","modified_gmt":"2019-02-08T20:57:59","slug":"jahangiri-los-terroristas-perpetraron-masacres-en-siria-e-irak-con-apoyo-externo","status":"publish","type":"post","link":"https:\/\/archive.sana.sy\/es\/?p=99098","title":{"rendered":"Jahangiri: Los terroristas perpetraron masacres en Siria e Irak con apoyo externo"},"content":{"rendered":"<p><span style=\"color: #800000;\">Teher\u00e1n-SANA<\/span><\/p>\n<p style=\"text-align: justify;\">El primer vicepresidente iran\u00ed, Yitzhak Jahangiri, afirm\u00f3 que las organizaciones terroristas cometieron masacres en la regi\u00f3n en general, y en Siria e Irak en particular con apoyo e incitaci\u00f3n externa.<\/p>\n<p style=\"text-align: justify;\">Durante el acto de clausura del X Festival Internacional Al-Farabi para los Estudios Humanos e Isl\u00e1micos en Teher\u00e1n, Jahangiri dijo que &#8220;su pa\u00eds es capaz de doblar la p\u00e1gina, en referencia a los acontecimientos que presenci\u00f3 Ir\u00e1n y la regi\u00f3n en los \u00faltimos 40 a\u00f1os, y salir de esta situaci\u00f3n en la que atraviesa, y avanzar hacia un futuro mejor&#8221;.<\/p>\n<p style=\"text-align: justify;\">Explic\u00f3 que los estadounidenses han lanzado una guerra econ\u00f3mica, psicol\u00f3gica y medi\u00e1tica contra el pueblo iran\u00ed.<\/p>\n<p><span style=\"color: #0000ff;\">Y.K.<\/span><\/p>\n","protected":false},"excerpt":{"rendered":"<p>Teher\u00e1n-SANA El primer vicepresidente iran\u00ed, Yitzhak Jahangiri, afirm\u00f3 que las organizaciones terroristas cometieron masacres en la regi\u00f3n en general, y en Siria e Irak en particular con apoyo e incitaci\u00f3n externa. Durante el acto de clausura del X Festival Internacional Al-Farabi para los Estudios Humanos e Isl\u00e1micos en Teher\u00e1n, Jahangiri dijo que &#8220;su pa\u00eds es &hellip;<\/p>\n","protected":false},"author":1,"featured_media":99099,"comment_status":"closed","ping_status":"closed","sticky":false,"template":"","format":"standard","meta":{"footnotes":""},"categories":[597,456,7541],"tags":[],"class_list":["post-99098","post","type-post","status-publish","format-standard","has-post-thumbnail","","category-cinta-de-noticias","category-arabe-internacional-politica","category-ultimas-noticias"],"_links":{"self":[{"href":"https:\/\/archive.sana.sy\/es\/index.php?rest_route=\/wp\/v2\/posts\/99098"}],"collection":[{"href":"https:\/\/archive.sana.sy\/es\/index.php?rest_route=\/wp\/v2\/posts"}],"about":[{"href":"https:\/\/archive.sana.sy\/es\/index.php?rest_route=\/wp\/v2\/types\/post"}],"author":[{"embeddable":true,"href":"https:\/\/archive.sana.sy\/es\/index.php?rest_route=\/wp\/v2\/users\/1"}],"replies":[{"embeddable":true,"href":"https:\/\/archive.sana.sy\/es\/index.php?rest_route=%2Fwp%2Fv2%2Fcomments&post=99098"}],"version-history":[{"count":0,"href":"https:\/\/archive.sana.sy\/es\/index.php?rest_route=\/wp\/v2\/posts\/99098\/revisions"}],"wp:featuredmedia":[{"embeddable":true,"href":"https:\/\/archive.sana.sy\/es\/index.php?rest_route=\/wp\/v2\/media\/99099"}],"wp:attachment":[{"href":"https:\/\/archive.sana.sy\/es\/index.php?rest_route=%2Fwp%2Fv2%2Fmedia&parent=99098"}],"wp:term":[{"taxonomy":"category","embeddable":true,"href":"https:\/\/archive.sana.sy\/es\/index.php?rest_route=%2Fwp%2Fv2%2Fcategories&post=99098"},{"taxonomy":"post_tag","embeddable":true,"href":"https:\/\/archive.sana.sy\/es\/index.php?rest_route=%2Fwp%2Fv2%2Ftags&post=99098"}],"curies":[{"name":"wp","href":"https:\/\/api.w.org\/{rel}","templated":true}]}}