{"id":99105,"date":"2019-01-27T20:06:12","date_gmt":"2019-01-27T18:06:12","guid":{"rendered":"https:\/\/sana.sy\/es\/?p=99105"},"modified":"2019-01-28T08:45:15","modified_gmt":"2019-01-28T06:45:15","slug":"comienzan-obras-de-rehabilitacion-del-barrio-aamal-de-deir-ezzor","status":"publish","type":"post","link":"https:\/\/archive.sana.sy\/es\/?p=99105","title":{"rendered":"Comienzan obras de rehabilitaci\u00f3n del barrio obrero en la ciudad de Deir Ezzor"},"content":{"rendered":"<p style=\"text-align: justify\"><span style=\"color: #800000\">Deir Ezzor, SANA<\/span><\/p>\n<p style=\"text-align: justify\">Los equipos de trabajadores del ayuntamiento de la ciudad de Deir Ezzor, 420 km al nordeste de Damasco, iniciaron las obras de rehabilitaci\u00f3n del barrio Umal (obrero) con el fin de preparar condiciones para el retorno de los desplazados a sus hogares.<\/p>\n<p style=\"text-align: justify\">El alcalde de Deir Ezzor, Raed Mandil, inform\u00f3 que \u201ccomo parte de un plan elaborado por el ayuntamiento de Deir Ezzor, comenz\u00f3 la primera fase de la rehabilitaci\u00f3n del barrio Umal que abarca la apertura de las calles principales y secundarias, y el levantamiento de escombros\u201d.<\/p>\n<p style=\"text-align: justify\">Indic\u00f3 que la segunda fase incluye la reparaci\u00f3n y rehabilitaci\u00f3n de las redes de alcantarilla, agua potable, electricidad y telecomunicaci\u00f3n.<\/p>\n<p style=\"text-align: justify\">Cabe resaltar que m\u00e1s de medio mill\u00f3n de desplazados volvieron a sus hogares en la provincia de Deir Ezzor que fue liberada del terrorismo a principios del 2018.<\/p>\n<p style=\"text-align: justify\"><span style=\"color: #0000ff\">Y.K.\/ F. M.\/ A. H.<\/span><\/p>\n","protected":false},"excerpt":{"rendered":"<p>Deir Ezzor, SANA Los equipos de trabajadores del ayuntamiento de la ciudad de Deir Ezzor, 420 km al nordeste de Damasco, iniciaron las obras de rehabilitaci\u00f3n del barrio Umal (obrero) con el fin de preparar condiciones para el retorno de los desplazados a sus hogares. El alcalde de Deir Ezzor, Raed Mandil, inform\u00f3 que \u201ccomo &hellip;<\/p>\n","protected":false},"author":1,"featured_media":99106,"comment_status":"closed","ping_status":"closed","sticky":false,"template":"","format":"standard","meta":{"footnotes":""},"categories":[597,476,7541],"tags":[14177],"class_list":["post-99105","post","type-post","status-publish","format-standard","has-post-thumbnail","","category-cinta-de-noticias","category-locales","category-ultimas-noticias","tag-comienzan-obras-de-rehabilitacion-del-barrio-obrero-en-la-ciudad-de-deir-ezzor"],"_links":{"self":[{"href":"https:\/\/archive.sana.sy\/es\/index.php?rest_route=\/wp\/v2\/posts\/99105"}],"collection":[{"href":"https:\/\/archive.sana.sy\/es\/index.php?rest_route=\/wp\/v2\/posts"}],"about":[{"href":"https:\/\/archive.sana.sy\/es\/index.php?rest_route=\/wp\/v2\/types\/post"}],"author":[{"embeddable":true,"href":"https:\/\/archive.sana.sy\/es\/index.php?rest_route=\/wp\/v2\/users\/1"}],"replies":[{"embeddable":true,"href":"https:\/\/archive.sana.sy\/es\/index.php?rest_route=%2Fwp%2Fv2%2Fcomments&post=99105"}],"version-history":[{"count":0,"href":"https:\/\/archive.sana.sy\/es\/index.php?rest_route=\/wp\/v2\/posts\/99105\/revisions"}],"wp:featuredmedia":[{"embeddable":true,"href":"https:\/\/archive.sana.sy\/es\/index.php?rest_route=\/wp\/v2\/media\/99106"}],"wp:attachment":[{"href":"https:\/\/archive.sana.sy\/es\/index.php?rest_route=%2Fwp%2Fv2%2Fmedia&parent=99105"}],"wp:term":[{"taxonomy":"category","embeddable":true,"href":"https:\/\/archive.sana.sy\/es\/index.php?rest_route=%2Fwp%2Fv2%2Fcategories&post=99105"},{"taxonomy":"post_tag","embeddable":true,"href":"https:\/\/archive.sana.sy\/es\/index.php?rest_route=%2Fwp%2Fv2%2Ftags&post=99105"}],"curies":[{"name":"wp","href":"https:\/\/api.w.org\/{rel}","templated":true}]}}