{"id":99108,"date":"2019-01-27T21:02:54","date_gmt":"2019-01-27T19:02:54","guid":{"rendered":"https:\/\/sana.sy\/es\/?p=99108"},"modified":"2023-01-10T15:16:03","modified_gmt":"2023-01-10T13:16:03","slug":"comision-ministerial-sirio-irani-aborda-cuestiones-tecnicas-en-damasco","status":"publish","type":"post","link":"https:\/\/archive.sana.sy\/es\/?p=99108","title":{"rendered":"Contin\u00faan reuniones preparatorias para la Comisi\u00f3n Mixta Sirio-iran\u00ed"},"content":{"rendered":"<p style=\"text-align: justify\"><span style=\"color: #800000\">Damasco, SANA<\/span><\/p>\n<p style=\"text-align: justify\">La Comisi\u00f3n Ministerial Conjunta Sirio-iran\u00ed celebr\u00f3 una reuni\u00f3n en la capital Damasco, en la cual fueron abordadas cuestiones que ser\u00e1n discutidas y acordadas en las reuniones de la Alta Comisi\u00f3n Conjunta Sirio-iran\u00ed.<\/p>\n<p style=\"text-align: justify\">El ministro de Econom\u00eda y Comercio Exterior, Mohamad Samer Khalil, dijo en unas palabras pronunciadas durante la reuni\u00f3n, que la cooperaci\u00f3n entre los dos pa\u00edses en el actual a\u00f1o presenciar\u00e1 un salto cualitativo en los \u00e1mbitos comercial, econ\u00f3mico y de inversi\u00f3n a fin de permitir una participaci\u00f3n m\u00e1s activa de las empresas iran\u00edes en lafase de reconstrucci\u00f3n, as\u00ed como incrementar el intercambio comercial.<\/p>\n<p style=\"text-align: justify\">El ministro indic\u00f3 que los documentos que ser\u00e1n firmados abarcan un Tratado de Cooperaci\u00f3n Estrat\u00e9gico de largo plazo, lo cual constituir\u00e1 una base s\u00f3lida que enriquecer\u00e1 el marco legal que rige las relaciones de cooperaci\u00f3n entre los dos pa\u00edses.<\/p>\n<p style=\"text-align: justify\">Anunci\u00f3 que se abrir\u00e1 un Centro Comercial Iran\u00ed en Damasco y que se fundar\u00e1 adem\u00e1s, la C\u00e1mara de Comercio Conjunta Sirio-iran\u00ed.<\/p>\n<p style=\"text-align: justify\">Por su parte, el ministro de Carreteras y Desarrollo Urbano de Ir\u00e1n, Mohamad Eslami, dijo que las conversaciones que tienen lugar entre ambos lados en la Alta Comisi\u00f3n Conjunta Sirio-iran\u00ed colocar\u00e1n \u201cla piedra angular\u201dpara la cooperaci\u00f3n econ\u00f3mico entre ambos pa\u00edses.<\/p>\n<p style=\"text-align: justify\"><span style=\"color: #0000ff\">Y. K.\/ F. M.\/ A. H.<\/span><\/p>\n","protected":false},"excerpt":{"rendered":"<p>Damasco, SANA La Comisi\u00f3n Ministerial Conjunta Sirio-iran\u00ed celebr\u00f3 una reuni\u00f3n en la capital Damasco, en la cual fueron abordadas cuestiones que ser\u00e1n discutidas y acordadas en las reuniones de la Alta Comisi\u00f3n Conjunta Sirio-iran\u00ed. El ministro de Econom\u00eda y Comercio Exterior, Mohamad Samer Khalil, dijo en unas palabras pronunciadas durante la reuni\u00f3n, que la cooperaci\u00f3n &hellip;<\/p>\n","protected":false},"author":1,"featured_media":99109,"comment_status":"closed","ping_status":"closed","sticky":false,"template":"","format":"standard","meta":{"footnotes":""},"categories":[597,485,467,7541],"tags":[14175],"class_list":["post-99108","post","type-post","status-publish","format-standard","has-post-thumbnail","","category-cinta-de-noticias","category-informes-negocios-y-finanzas","category-siria-y-el-mundo","category-ultimas-noticias","tag-continuan-reuniones-preparatorias-para-la-comision-mixta-sirio-irani"],"_links":{"self":[{"href":"https:\/\/archive.sana.sy\/es\/index.php?rest_route=\/wp\/v2\/posts\/99108"}],"collection":[{"href":"https:\/\/archive.sana.sy\/es\/index.php?rest_route=\/wp\/v2\/posts"}],"about":[{"href":"https:\/\/archive.sana.sy\/es\/index.php?rest_route=\/wp\/v2\/types\/post"}],"author":[{"embeddable":true,"href":"https:\/\/archive.sana.sy\/es\/index.php?rest_route=\/wp\/v2\/users\/1"}],"replies":[{"embeddable":true,"href":"https:\/\/archive.sana.sy\/es\/index.php?rest_route=%2Fwp%2Fv2%2Fcomments&post=99108"}],"version-history":[{"count":0,"href":"https:\/\/archive.sana.sy\/es\/index.php?rest_route=\/wp\/v2\/posts\/99108\/revisions"}],"wp:featuredmedia":[{"embeddable":true,"href":"https:\/\/archive.sana.sy\/es\/index.php?rest_route=\/wp\/v2\/media\/99109"}],"wp:attachment":[{"href":"https:\/\/archive.sana.sy\/es\/index.php?rest_route=%2Fwp%2Fv2%2Fmedia&parent=99108"}],"wp:term":[{"taxonomy":"category","embeddable":true,"href":"https:\/\/archive.sana.sy\/es\/index.php?rest_route=%2Fwp%2Fv2%2Fcategories&post=99108"},{"taxonomy":"post_tag","embeddable":true,"href":"https:\/\/archive.sana.sy\/es\/index.php?rest_route=%2Fwp%2Fv2%2Ftags&post=99108"}],"curies":[{"name":"wp","href":"https:\/\/api.w.org\/{rel}","templated":true}]}}