{"id":99218,"date":"2019-01-29T08:32:03","date_gmt":"2019-01-29T06:32:03","guid":{"rendered":"https:\/\/www.sana.sy\/es\/?p=99218"},"modified":"2019-01-29T09:05:09","modified_gmt":"2019-01-29T07:05:09","slug":"organizan-acto-de-solidaridad-con-venezuela-y-siria-en-moscu","status":"publish","type":"post","link":"https:\/\/archive.sana.sy\/es\/?p=99218","title":{"rendered":"Organizan acto de solidaridad con Venezuela y Siria en Mosc\u00fa"},"content":{"rendered":"<p style=\"text-align: justify;\"><span style=\"color: #800000;\">Mosc\u00fa, SANA<\/span><\/p>\n<p style=\"text-align: justify;\">Con la participaci\u00f3n de decenas de sirios residentes en Rusia, representantes de la opini\u00f3n p\u00fablica y de las fuerzas de izquierda en la Federaci\u00f3n Rusa se concentraron frente a la Embajada de la Rep\u00fablica Bolivariana de Venezuela en Mosc\u00fa, para expresar su solidaridad con los pueblos de Venezuela y Siria.<\/p>\n<p style=\"text-align: justify;\">Los participantes condenaron la intervenci\u00f3n de Estados Unidos y Occidente, y sus instrumentos regionales, en los asuntos internos de Venezuela y Siria, y expresaron su solidaridad con los pueblos de los dos pa\u00edses en su lucha por preservar la libertad, independencia y soberan\u00eda de sus pa\u00edses.<\/p>\n<p style=\"text-align: justify;\">En declaraciones al corresponsal de SANA en Mosc\u00fa, el embajador de Venezuela en Mosc\u00fa, Carlos Foure, afirm\u00f3 que los planes estadounidenses contra la Rep\u00fablica Bolivariana de Venezuela son id\u00e9nticos a los que hab\u00edan tramado y lanzado su guerra terrorista contra Siria.<\/p>\n<p style=\"text-align: justify;\">Destac\u00f3 que EE.UU y Occidente son los que crearon las dificultades econ\u00f3micas en Venezuela con sus sanciones y medidas arbitrarias y el asfixiante bloqueo econ\u00f3mico que imponen.<\/p>\n<p style=\"text-align: justify;\">&#8220;El pueblo venezolano se niega a entregar la riqueza de su pa\u00eds y sus grandes reservas de petr\u00f3leo a los monopolios estadounidenses&#8221;, concluy\u00f3 el embajador de Venezuela.<\/p>\n<p style=\"text-align: justify;\"><span style=\"color: #0000ff;\">F. Marouf\/ Dr. A. Shaban<\/span><\/p>\n<p style=\"text-align: justify;\">\u00a0<img decoding=\"async\" src=\"http:\/\/www.sana.sy\/wp-content\/uploads\/2019\/01\/66-22-300x191.jpg\" \/><img decoding=\"async\" src=\"http:\/\/www.sana.sy\/wp-content\/uploads\/2019\/01\/77-15-300x213.jpg\" \/><img decoding=\"async\" src=\"https:\/\/www.sana.sy\/wp-content\/uploads\/2019\/01\/0000-17-1024x648.jpg\" \/><\/p>\n<p style=\"text-align: justify;\"><img decoding=\"async\" src=\"https:\/\/www.sana.sy\/wp-content\/uploads\/2019\/01\/0-63-1024x657.jpg\" \/><\/p>\n","protected":false},"excerpt":{"rendered":"<p>Mosc\u00fa, SANA Con la participaci\u00f3n de decenas de sirios residentes en Rusia, representantes de la opini\u00f3n p\u00fablica y de las fuerzas de izquierda en la Federaci\u00f3n Rusa se concentraron frente a la Embajada de la Rep\u00fablica Bolivariana de Venezuela en Mosc\u00fa, para expresar su solidaridad con los pueblos de Venezuela y Siria. Los participantes condenaron &hellip;<\/p>\n","protected":false},"author":1,"featured_media":99219,"comment_status":"closed","ping_status":"closed","sticky":false,"template":"","format":"standard","meta":{"footnotes":""},"categories":[597,467,7541],"tags":[14193],"class_list":["post-99218","post","type-post","status-publish","format-standard","has-post-thumbnail","","category-cinta-de-noticias","category-siria-y-el-mundo","category-ultimas-noticias","tag-organizan-acto-de-solidaridad-con-venezuela-y-siria-en-moscu"],"_links":{"self":[{"href":"https:\/\/archive.sana.sy\/es\/index.php?rest_route=\/wp\/v2\/posts\/99218"}],"collection":[{"href":"https:\/\/archive.sana.sy\/es\/index.php?rest_route=\/wp\/v2\/posts"}],"about":[{"href":"https:\/\/archive.sana.sy\/es\/index.php?rest_route=\/wp\/v2\/types\/post"}],"author":[{"embeddable":true,"href":"https:\/\/archive.sana.sy\/es\/index.php?rest_route=\/wp\/v2\/users\/1"}],"replies":[{"embeddable":true,"href":"https:\/\/archive.sana.sy\/es\/index.php?rest_route=%2Fwp%2Fv2%2Fcomments&post=99218"}],"version-history":[{"count":0,"href":"https:\/\/archive.sana.sy\/es\/index.php?rest_route=\/wp\/v2\/posts\/99218\/revisions"}],"wp:featuredmedia":[{"embeddable":true,"href":"https:\/\/archive.sana.sy\/es\/index.php?rest_route=\/wp\/v2\/media\/99219"}],"wp:attachment":[{"href":"https:\/\/archive.sana.sy\/es\/index.php?rest_route=%2Fwp%2Fv2%2Fmedia&parent=99218"}],"wp:term":[{"taxonomy":"category","embeddable":true,"href":"https:\/\/archive.sana.sy\/es\/index.php?rest_route=%2Fwp%2Fv2%2Fcategories&post=99218"},{"taxonomy":"post_tag","embeddable":true,"href":"https:\/\/archive.sana.sy\/es\/index.php?rest_route=%2Fwp%2Fv2%2Ftags&post=99218"}],"curies":[{"name":"wp","href":"https:\/\/api.w.org\/{rel}","templated":true}]}}