{"id":99221,"date":"2019-01-29T08:37:52","date_gmt":"2019-01-29T06:37:52","guid":{"rendered":"https:\/\/www.sana.sy\/es\/?p=99221"},"modified":"2023-01-10T15:10:09","modified_gmt":"2023-01-10T13:10:09","slug":"vicepresidente-irani-reitera-apoyo-a-siria-ante-las-sanciones-economicas","status":"publish","type":"post","link":"https:\/\/archive.sana.sy\/es\/?p=99221","title":{"rendered":"Vicepresidente iran\u00ed reitera apoyo a Siria ante las sanciones econ\u00f3micas"},"content":{"rendered":"<p style=\"text-align: justify;\"><span style=\"color: #800000;\">Damasco, SANA<\/span><\/p>\n<p style=\"text-align: justify;\">El Primer Vicepresidente de la Rep\u00fablica Isl\u00e1mica de Ir\u00e1n, Ishaq Jahangiri, afirm\u00f3 que su pa\u00eds apoya a Siria ante las sanciones econ\u00f3micas unilaterales tal como la apoy\u00f3 en su guerra contra el terrorismo.<\/p>\n<p style=\"text-align: justify;\">La afirmaci\u00f3n del alto funcionario iran\u00ed fue expresada en una rueda de prensa conjunta con el primer ministro sirio Emad Khamis, celebrada tras la clausura del d\u00e9cimo cuarto periodo de sesiones de la Alta Comisi\u00f3n Conjunta Sirio-Iran\u00ed, que culmin\u00f3 con la firma de 11 acuerdos.<\/p>\n<p style=\"text-align: justify;\">&#8220;Ir\u00e1n ha estado junto a Siria en su guerra contra el terrorismo y estar\u00e1 con el pueblo sirio en su enfrentamiento a las sanciones econ\u00f3micas, y tambi\u00e9n contribuir\u00e1 efectivamente a la fase de reconstrucci\u00f3n&#8221;, dijo el Vicepresidnete iran\u00ed.<\/p>\n<p style=\"text-align: justify;\">Jahangiri felicit\u00f3 al pueblo sirio por sus victorias en la guerra contra el terrorismo y ensalz\u00f3 sus sacrificios.<\/p>\n<p style=\"text-align: justify;\">Por su parte, el Primer Ministro sirio dijo que &#8220;Siria est\u00e1 viviendo el \u00faltimo cap\u00edtulo de la guerra gracias a los sacrificios de su ej\u00e9rcito y el apoyo de los pa\u00edses amigos&#8221;.<\/p>\n<p style=\"text-align: justify;\">Se\u00f1al\u00f3 que los enemigos de Siria no lograr\u00e1n con las sanciones econ\u00f3micas lo que fracasaron en lograr por la v\u00eda militar.<\/p>\n<p style=\"text-align: justify;\">&#8220;Siria es seria en proporcionar todas las facilidades necesarias para que las compa\u00f1\u00edas iran\u00edes inviertan en Siria y contribuyan efectivamente en la fase de reconstrucci\u00f3n&#8221;, dijo Khamis.<\/p>\n<p style=\"text-align: justify;\"><span style=\"color: #0000ff;\">F. Marouf\/ Dr. A. Shaban<\/span><\/p>\n","protected":false},"excerpt":{"rendered":"<p>Damasco, SANA El Primer Vicepresidente de la Rep\u00fablica Isl\u00e1mica de Ir\u00e1n, Ishaq Jahangiri, afirm\u00f3 que su pa\u00eds apoya a Siria ante las sanciones econ\u00f3micas unilaterales tal como la apoy\u00f3 en su guerra contra el terrorismo. La afirmaci\u00f3n del alto funcionario iran\u00ed fue expresada en una rueda de prensa conjunta con el primer ministro sirio Emad &hellip;<\/p>\n","protected":false},"author":1,"featured_media":99222,"comment_status":"closed","ping_status":"closed","sticky":false,"template":"","format":"standard","meta":{"footnotes":""},"categories":[597,485,467,7541],"tags":[14194],"class_list":["post-99221","post","type-post","status-publish","format-standard","has-post-thumbnail","","category-cinta-de-noticias","category-informes-negocios-y-finanzas","category-siria-y-el-mundo","category-ultimas-noticias","tag-vicepresidente-irani-reitera-apoyo-a-siria-ante-las-sanciones-economicas"],"_links":{"self":[{"href":"https:\/\/archive.sana.sy\/es\/index.php?rest_route=\/wp\/v2\/posts\/99221"}],"collection":[{"href":"https:\/\/archive.sana.sy\/es\/index.php?rest_route=\/wp\/v2\/posts"}],"about":[{"href":"https:\/\/archive.sana.sy\/es\/index.php?rest_route=\/wp\/v2\/types\/post"}],"author":[{"embeddable":true,"href":"https:\/\/archive.sana.sy\/es\/index.php?rest_route=\/wp\/v2\/users\/1"}],"replies":[{"embeddable":true,"href":"https:\/\/archive.sana.sy\/es\/index.php?rest_route=%2Fwp%2Fv2%2Fcomments&post=99221"}],"version-history":[{"count":0,"href":"https:\/\/archive.sana.sy\/es\/index.php?rest_route=\/wp\/v2\/posts\/99221\/revisions"}],"wp:featuredmedia":[{"embeddable":true,"href":"https:\/\/archive.sana.sy\/es\/index.php?rest_route=\/wp\/v2\/media\/99222"}],"wp:attachment":[{"href":"https:\/\/archive.sana.sy\/es\/index.php?rest_route=%2Fwp%2Fv2%2Fmedia&parent=99221"}],"wp:term":[{"taxonomy":"category","embeddable":true,"href":"https:\/\/archive.sana.sy\/es\/index.php?rest_route=%2Fwp%2Fv2%2Fcategories&post=99221"},{"taxonomy":"post_tag","embeddable":true,"href":"https:\/\/archive.sana.sy\/es\/index.php?rest_route=%2Fwp%2Fv2%2Ftags&post=99221"}],"curies":[{"name":"wp","href":"https:\/\/api.w.org\/{rel}","templated":true}]}}