{"id":99227,"date":"2019-01-29T17:15:18","date_gmt":"2019-01-29T15:15:18","guid":{"rendered":"https:\/\/www.sana.sy\/es\/?p=99227"},"modified":"2023-01-10T15:16:03","modified_gmt":"2023-01-10T13:16:03","slug":"inicia-en-damasco-foro-de-negocios-sirio-irani","status":"publish","type":"post","link":"https:\/\/archive.sana.sy\/es\/?p=99227","title":{"rendered":"Primer Ministro sirio inaugura Foro de Negocios Sirio-iran\u00ed en Damasco"},"content":{"rendered":"<p style=\"text-align: justify\"><span style=\"color: #800000\">Damasco, SANA<\/span><\/p>\n<p style=\"text-align: justify\">Se ha inaugurado este martes el Foro de Negocios sirio-iran\u00ed, evento organizado por la C\u00e1mara de Comercio de Siria, en cooperaci\u00f3n con la C\u00e1mara de Comercio sirio-iran\u00ed mixta y el Consejo de Empresarios sirio-iran\u00ed.<\/p>\n<p style=\"text-align: justify\">El foro cont\u00f3 con la presencia del primer ministro sirio, Imad Khamis, del primer vicepresidente de la Rep\u00fablica Isl\u00e1mica de Ir\u00e1n, Ishaq Jahangiri, los miembros de la Alta Comisi\u00f3n Mixta sirio-iran\u00ed, y de representantes de compa\u00f1\u00edas sirias e iran\u00edes.<\/p>\n<p style=\"text-align: justify\">Durante el acto inaugural, el Primer Ministro sirio destac\u00f3 el notable desarrollo de las relaciones econ\u00f3micas entre Siria e Ir\u00e1n, invitando nuevamente a la parte iran\u00ed para que participe en el proceso de reconstrucci\u00f3n de Siria.<\/p>\n<p style=\"text-align: justify\">Aclar\u00f3 que las reuniones de la Comisi\u00f3n Superior mixta han constituido la base del trabajo econ\u00f3mico conjunto de la pr\u00f3xima etapa, reiterando sus llamados al sector privado de ambos pa\u00edses a colaborar e implementar proyectos conjuntos, aprovechando de las facilidades conferidas por el gobierno sirio, y de la moderna ley de inversi\u00f3n siria. Asimismo destac\u00f3 la importancia de la existencia de un mercado permanente para los productos iran\u00edes en Siria y un mercado similar para los productos sirios en Ir\u00e1n.<\/p>\n<p>Por su parte, el primer vicepresidente iran\u00ed resalt\u00f3 que esta visita ha representado un fuerte impulso de las relaciones binacionales en materia econ\u00f3mica y de inversi\u00f3n, dirigiendo un llamado a las compa\u00f1\u00edas iran\u00edes a participar con eficiencia en la reconstrucci\u00f3n de Siria, especialmente en los \u00e1mbitos de las viviendas, la infraestructura, el transporte ferroviario, mar\u00edtimo, terrestre, y la rehabilitaci\u00f3n de las instalaciones afectadas.<\/p>\n<p style=\"text-align: justify\">Asimismo, el presidente de la C\u00e1mara de Comercio, Agricultura, F\u00e1bricas y Minerales de Ir\u00e1n, Gulam Shaafai, manifest\u00f3 la disposici\u00f3n del sector privado iran\u00ed para aportar en la reconstrucci\u00f3n de las viviendas, estaciones, aeropuertos, represas, y para cooperar en materia de la industria transformadora y agraria.<\/p>\n<p style=\"text-align: justify\">Las intervenciones en el foro se centraron en la necesidad de aumentar el volumen del intercambio comercial entre Siria e Ir\u00e1n, crear un ambiente de inversi\u00f3n que favorece el \u00e9xito de los proyectos conjuntos, conceder las facilidades a los inversionistas, y aumentar las exportaciones sirias hacia Ir\u00e1n y viceversa.<\/p>\n<p style=\"text-align: justify\">Siria e Ir\u00e1n firmaron la v\u00edspera 11 acuerdos y memorandos de entendimiento para impulsar la cooperaci\u00f3n bilateral en los sectores econ\u00f3mico, cient\u00edfico, cultural, de infraestructura, servicios, inversi\u00f3n y de vivienda.<\/p>\n<p style=\"text-align: justify\">Entre los acuerdos firmados figura un Tratado de Cooperaci\u00f3n Econ\u00f3mica Estrat\u00e9gica de largo plazo.<\/p>\n<div id='gallery-1' class='gallery galleryid-99227 gallery-columns-3 gallery-size-thumbnail'><figure class='gallery-item'>\n\t\t\t<div class='gallery-icon landscape'>\n\t\t\t\t<a href='https:\/\/archive.sana.sy\/es\/wp-content\/uploads\/2019\/01\/Foro-3.jpg'><img loading=\"lazy\" decoding=\"async\" width=\"150\" height=\"93\" src=\"https:\/\/archive.sana.sy\/es\/wp-content\/uploads\/2019\/01\/Foro-3-150x93.jpg\" class=\"attachment-thumbnail size-thumbnail\" alt=\"\" srcset=\"https:\/\/archive.sana.sy\/es\/wp-content\/uploads\/2019\/01\/Foro-3-150x93.jpg 150w, https:\/\/archive.sana.sy\/es\/wp-content\/uploads\/2019\/01\/Foro-3-300x185.jpg 300w, https:\/\/archive.sana.sy\/es\/wp-content\/uploads\/2019\/01\/Foro-3.jpg 660w\" sizes=\"(max-width: 150px) 100vw, 150px\" \/><\/a>\n\t\t\t<\/div><\/figure><figure class='gallery-item'>\n\t\t\t<div class='gallery-icon landscape'>\n\t\t\t\t<a href='https:\/\/archive.sana.sy\/es\/wp-content\/uploads\/2019\/01\/Foro-2.jpg'><img loading=\"lazy\" decoding=\"async\" width=\"150\" height=\"100\" src=\"https:\/\/archive.sana.sy\/es\/wp-content\/uploads\/2019\/01\/Foro-2-150x100.jpg\" class=\"attachment-thumbnail size-thumbnail\" alt=\"\" srcset=\"https:\/\/archive.sana.sy\/es\/wp-content\/uploads\/2019\/01\/Foro-2-150x100.jpg 150w, https:\/\/archive.sana.sy\/es\/wp-content\/uploads\/2019\/01\/Foro-2-300x200.jpg 300w, https:\/\/archive.sana.sy\/es\/wp-content\/uploads\/2019\/01\/Foro-2-310x205.jpg 310w, https:\/\/archive.sana.sy\/es\/wp-content\/uploads\/2019\/01\/Foro-2.jpg 660w\" sizes=\"(max-width: 150px) 100vw, 150px\" \/><\/a>\n\t\t\t<\/div><\/figure><figure class='gallery-item'>\n\t\t\t<div class='gallery-icon landscape'>\n\t\t\t\t<a href='https:\/\/archive.sana.sy\/es\/wp-content\/uploads\/2019\/01\/Foro.jpg'><img loading=\"lazy\" decoding=\"async\" width=\"150\" height=\"75\" src=\"https:\/\/archive.sana.sy\/es\/wp-content\/uploads\/2019\/01\/Foro-150x75.jpg\" class=\"attachment-thumbnail size-thumbnail\" alt=\"\" srcset=\"https:\/\/archive.sana.sy\/es\/wp-content\/uploads\/2019\/01\/Foro-150x75.jpg 150w, https:\/\/archive.sana.sy\/es\/wp-content\/uploads\/2019\/01\/Foro-300x150.jpg 300w, https:\/\/archive.sana.sy\/es\/wp-content\/uploads\/2019\/01\/Foro.jpg 660w\" sizes=\"(max-width: 150px) 100vw, 150px\" \/><\/a>\n\t\t\t<\/div><\/figure>\n\t\t<\/div>\n\n<p style=\"text-align: justify\"><span style=\"color: #0000ff\">Lynn A.<\/span><\/p>\n","protected":false},"excerpt":{"rendered":"<p>Damasco, SANA Se ha inaugurado este martes el Foro de Negocios sirio-iran\u00ed, evento organizado por la C\u00e1mara de Comercio de Siria, en cooperaci\u00f3n con la C\u00e1mara de Comercio sirio-iran\u00ed mixta y el Consejo de Empresarios sirio-iran\u00ed. El foro cont\u00f3 con la presencia del primer ministro sirio, Imad Khamis, del primer vicepresidente de la Rep\u00fablica Isl\u00e1mica &hellip;<\/p>\n","protected":false},"author":1,"featured_media":99228,"comment_status":"closed","ping_status":"closed","sticky":false,"template":"","format":"standard","meta":{"footnotes":""},"categories":[597,485,7541],"tags":[14195],"class_list":["post-99227","post","type-post","status-publish","format-standard","has-post-thumbnail","","category-cinta-de-noticias","category-informes-negocios-y-finanzas","category-ultimas-noticias","tag-inicia-en-damasco-foro-de-negocios-sirio-irani"],"_links":{"self":[{"href":"https:\/\/archive.sana.sy\/es\/index.php?rest_route=\/wp\/v2\/posts\/99227"}],"collection":[{"href":"https:\/\/archive.sana.sy\/es\/index.php?rest_route=\/wp\/v2\/posts"}],"about":[{"href":"https:\/\/archive.sana.sy\/es\/index.php?rest_route=\/wp\/v2\/types\/post"}],"author":[{"embeddable":true,"href":"https:\/\/archive.sana.sy\/es\/index.php?rest_route=\/wp\/v2\/users\/1"}],"replies":[{"embeddable":true,"href":"https:\/\/archive.sana.sy\/es\/index.php?rest_route=%2Fwp%2Fv2%2Fcomments&post=99227"}],"version-history":[{"count":0,"href":"https:\/\/archive.sana.sy\/es\/index.php?rest_route=\/wp\/v2\/posts\/99227\/revisions"}],"wp:featuredmedia":[{"embeddable":true,"href":"https:\/\/archive.sana.sy\/es\/index.php?rest_route=\/wp\/v2\/media\/99228"}],"wp:attachment":[{"href":"https:\/\/archive.sana.sy\/es\/index.php?rest_route=%2Fwp%2Fv2%2Fmedia&parent=99227"}],"wp:term":[{"taxonomy":"category","embeddable":true,"href":"https:\/\/archive.sana.sy\/es\/index.php?rest_route=%2Fwp%2Fv2%2Fcategories&post=99227"},{"taxonomy":"post_tag","embeddable":true,"href":"https:\/\/archive.sana.sy\/es\/index.php?rest_route=%2Fwp%2Fv2%2Ftags&post=99227"}],"curies":[{"name":"wp","href":"https:\/\/api.w.org\/{rel}","templated":true}]}}