{"id":99236,"date":"2019-01-29T14:49:01","date_gmt":"2019-01-29T12:49:01","guid":{"rendered":"https:\/\/www.sana.sy\/es\/?p=99236"},"modified":"2019-01-29T14:49:01","modified_gmt":"2019-01-29T12:49:01","slug":"el-ejercito-realiza-operaciones-de-precision-contra-posiciones-de-los-grupos-terroristas-en-el-campo-de-idleb-y-hama","status":"publish","type":"post","link":"https:\/\/archive.sana.sy\/es\/?p=99236","title":{"rendered":"El Ej\u00e9rcito realiza operaciones de precisi\u00f3n contra posiciones de los grupos terroristas en el Campo de Idleb y Hama"},"content":{"rendered":"<p style=\"text-align: justify;\"><span style=\"color: #800000;\">Hama, Idleb, SANA<\/span><\/p>\n<p style=\"text-align: justify;\">El Ej\u00e9rcito \u00c1rabe Sirio llev\u00f3 a cabo operaciones intensivas contra las posiciones y movimientos de los armados en varias direcciones en el campo norte de Hama, en respuesta a las violaciones del acuerdo de la Zona de Desescalada en Idleb.<\/p>\n<p style=\"text-align: justify;\">El reportero de SANA dijo que las unidades del ej\u00e9rcito respondieron el martes con armas ligeras y medianas a los ataques de terroristas de las llamadas &#8220;Brigadas al-Ezza&#8221; y destruyeron varios de sus puestos y fortalezas en las afueras de la ciudad de Hasraya y al-Arbaein en el campo norte\u00f1o de Hama.<\/p>\n<p style=\"text-align: justify;\">Estas operaciones dieron como resultado la muerte de varios elementos armados y la destrucci\u00f3n de sus posiciones y equipos.<\/p>\n<p style=\"text-align: justify;\">Las unidades del ej\u00e9rcito tambi\u00e9n llevaron a cabo operaciones de precisi\u00f3n sobre las posiciones de los grupos terroristas en la ciudad de Al-Habiit, a unos 77 kil\u00f3metros al sudoeste de Idleb, en respuesta a sus repetidas violaciones y ataques a zonas seguras en el campo de Hama.<\/p>\n<p style=\"text-align: justify;\">Las unidades del ej\u00e9rcito tambi\u00e9n frustraron un intento de los terroristas vinculados a Jabhat al-Nusra de infiltrarse desde el lado oriental de la localidad de al-Latamina situada a unos 35 km al noroeste de Hama, matando o hiriendo a varios de ellos<\/p>\n<p style=\"text-align: justify;\"><span style=\"color: #0000ff;\">E. Dubian\/ Riad Sh.<\/span><\/p>\n","protected":false},"excerpt":{"rendered":"<p>Hama, Idleb, SANA El Ej\u00e9rcito \u00c1rabe Sirio llev\u00f3 a cabo operaciones intensivas contra las posiciones y movimientos de los armados en varias direcciones en el campo norte de Hama, en respuesta a las violaciones del acuerdo de la Zona de Desescalada en Idleb. El reportero de SANA dijo que las unidades del ej\u00e9rcito respondieron el &hellip;<\/p>\n","protected":false},"author":1,"featured_media":99237,"comment_status":"closed","ping_status":"closed","sticky":false,"template":"","format":"standard","meta":{"footnotes":""},"categories":[597,573,7541],"tags":[14197],"class_list":["post-99236","post","type-post","status-publish","format-standard","has-post-thumbnail","","category-cinta-de-noticias","category-la-realidad-de-los-acontecimientos-en-siria","category-ultimas-noticias","tag-el-ejercito-realiza-operaciones-de-precision-contra-posiciones-de-los-grupos-terroristas-en-el-campo-de-idleb-y-hama"],"_links":{"self":[{"href":"https:\/\/archive.sana.sy\/es\/index.php?rest_route=\/wp\/v2\/posts\/99236"}],"collection":[{"href":"https:\/\/archive.sana.sy\/es\/index.php?rest_route=\/wp\/v2\/posts"}],"about":[{"href":"https:\/\/archive.sana.sy\/es\/index.php?rest_route=\/wp\/v2\/types\/post"}],"author":[{"embeddable":true,"href":"https:\/\/archive.sana.sy\/es\/index.php?rest_route=\/wp\/v2\/users\/1"}],"replies":[{"embeddable":true,"href":"https:\/\/archive.sana.sy\/es\/index.php?rest_route=%2Fwp%2Fv2%2Fcomments&post=99236"}],"version-history":[{"count":0,"href":"https:\/\/archive.sana.sy\/es\/index.php?rest_route=\/wp\/v2\/posts\/99236\/revisions"}],"wp:featuredmedia":[{"embeddable":true,"href":"https:\/\/archive.sana.sy\/es\/index.php?rest_route=\/wp\/v2\/media\/99237"}],"wp:attachment":[{"href":"https:\/\/archive.sana.sy\/es\/index.php?rest_route=%2Fwp%2Fv2%2Fmedia&parent=99236"}],"wp:term":[{"taxonomy":"category","embeddable":true,"href":"https:\/\/archive.sana.sy\/es\/index.php?rest_route=%2Fwp%2Fv2%2Fcategories&post=99236"},{"taxonomy":"post_tag","embeddable":true,"href":"https:\/\/archive.sana.sy\/es\/index.php?rest_route=%2Fwp%2Fv2%2Ftags&post=99236"}],"curies":[{"name":"wp","href":"https:\/\/api.w.org\/{rel}","templated":true}]}}