{"id":99307,"date":"2019-01-30T13:32:32","date_gmt":"2019-01-30T11:32:32","guid":{"rendered":"https:\/\/www.sana.sy\/es\/?p=99307"},"modified":"2019-01-30T14:19:17","modified_gmt":"2019-01-30T12:19:17","slug":"retorna-nuevo-grupo-de-refugiados-sirios-procedentes-de-los-campamentos-en-jordania","status":"publish","type":"post","link":"https:\/\/archive.sana.sy\/es\/?p=99307","title":{"rendered":"Retorna nuevo grupo de refugiados sirios procedentes de los campamentos en Jordania"},"content":{"rendered":"<p style=\"text-align: justify;\"><span style=\"color: #800000;\">Deraa, SANA<\/span><\/p>\n<p style=\"text-align: justify;\">En las \u00faltimas 24 horas, se registr\u00f3 el retorno de decenas de refugiados sirios a sus poblados liberados del terrorismo en la provincia de Deraa, en el sur del pa\u00eds.<\/p>\n<p style=\"text-align: justify;\">Seg\u00fan inform\u00f3 la reportera de SANA en Deraa, \u201cdecenas de familias que resid\u00edan en los campamentos de refugiados en Jordania, retornaron al pa\u00eds a trav\u00e9s de cruce fronterizo de Nassib-Jabber\u201d.<\/p>\n<p style=\"text-align: justify;\">El coronel Mazen Ghandour, jefe del centro de emigraci\u00f3n y pasaportes en el centro fronterizo Nassib, hab\u00eda declarado que de 75 a 100 refugiados indocumentados vuelven diariamente a trav\u00e9s del cruce fronterizo.<\/p>\n<p style=\"text-align: justify;\">Asimismo, revel\u00f3 que m\u00e1s de 10.000 refugiados volvieron a trav\u00e9s de cruce fronterizo de Nassib desde su reapertura el d\u00eda 16 de octubre pasado.<\/p>\n<p style=\"text-align: justify;\">Adem\u00e1s de los equipos m\u00e9dicos que prestaban chequeos m\u00e9dicos y vacunaci\u00f3n gratuita, la Gobernaci\u00f3n de Deraa puso medios de transporte gratuitos para trasladar a los refugiados retornados a sus poblados.<\/p>\n<p style=\"text-align: justify;\"><span style=\"color: #0000ff;\">F. Marouf\/ E. Dubian<\/span><\/p>\n","protected":false},"excerpt":{"rendered":"<p>Deraa, SANA En las \u00faltimas 24 horas, se registr\u00f3 el retorno de decenas de refugiados sirios a sus poblados liberados del terrorismo en la provincia de Deraa, en el sur del pa\u00eds. Seg\u00fan inform\u00f3 la reportera de SANA en Deraa, \u201cdecenas de familias que resid\u00edan en los campamentos de refugiados en Jordania, retornaron al pa\u00eds &hellip;<\/p>\n","protected":false},"author":1,"featured_media":99308,"comment_status":"closed","ping_status":"closed","sticky":false,"template":"","format":"standard","meta":{"footnotes":""},"categories":[597,476,583,1],"tags":[14206],"class_list":["post-99307","post","type-post","status-publish","format-standard","has-post-thumbnail","","category-cinta-de-noticias","category-locales","category-slide","category-news-not-sorted","tag-retorna-nuevo-grupo-de-refugiados-sirios-procedentes-de-los-campamentos-en-jordania"],"_links":{"self":[{"href":"https:\/\/archive.sana.sy\/es\/index.php?rest_route=\/wp\/v2\/posts\/99307"}],"collection":[{"href":"https:\/\/archive.sana.sy\/es\/index.php?rest_route=\/wp\/v2\/posts"}],"about":[{"href":"https:\/\/archive.sana.sy\/es\/index.php?rest_route=\/wp\/v2\/types\/post"}],"author":[{"embeddable":true,"href":"https:\/\/archive.sana.sy\/es\/index.php?rest_route=\/wp\/v2\/users\/1"}],"replies":[{"embeddable":true,"href":"https:\/\/archive.sana.sy\/es\/index.php?rest_route=%2Fwp%2Fv2%2Fcomments&post=99307"}],"version-history":[{"count":0,"href":"https:\/\/archive.sana.sy\/es\/index.php?rest_route=\/wp\/v2\/posts\/99307\/revisions"}],"wp:featuredmedia":[{"embeddable":true,"href":"https:\/\/archive.sana.sy\/es\/index.php?rest_route=\/wp\/v2\/media\/99308"}],"wp:attachment":[{"href":"https:\/\/archive.sana.sy\/es\/index.php?rest_route=%2Fwp%2Fv2%2Fmedia&parent=99307"}],"wp:term":[{"taxonomy":"category","embeddable":true,"href":"https:\/\/archive.sana.sy\/es\/index.php?rest_route=%2Fwp%2Fv2%2Fcategories&post=99307"},{"taxonomy":"post_tag","embeddable":true,"href":"https:\/\/archive.sana.sy\/es\/index.php?rest_route=%2Fwp%2Fv2%2Ftags&post=99307"}],"curies":[{"name":"wp","href":"https:\/\/api.w.org\/{rel}","templated":true}]}}