{"id":99332,"date":"2019-01-30T15:37:21","date_gmt":"2019-01-30T13:37:21","guid":{"rendered":"https:\/\/www.sana.sy\/es\/?p=99332"},"modified":"2019-01-30T17:43:36","modified_gmt":"2019-01-30T15:43:36","slug":"patriarca-yazayi-se-reune-con-patriarca-de-mosu-y-de-toda-rusia","status":"publish","type":"post","link":"https:\/\/archive.sana.sy\/es\/?p=99332","title":{"rendered":"Patriarca Yazayi se re\u00fane con Patriarca de Mosc\u00fa y de toda Rusia"},"content":{"rendered":"<p style=\"text-align: justify\"><span style=\"color: #800000\">Mosc\u00fa, SANA<\/span><\/p>\n<p style=\"text-align: justify\">El patriarca Yohanna X Yazayi, patriarca de Antioqu\u00eda y todo el Oriente para la comunidad cristiana greco-ortodoxa dirigi\u00f3 un llamamiento a la comunidad internacional para levantar las medidas coherictivas unilaterales impuestas a Siria.<\/p>\n<p style=\"text-align: justify\">Al reunirse este mi\u00e9rcoles en Mosc\u00fa con el jerarca de la Iglesia ortodoxa rusa, patriarca Kiril, el patriarca Yazayi se\u00f1al\u00f3 que la normalidad ha regresado a la mayor\u00eda de las ciudades y localidades sirias, y que la presencia terrorista se ha reducido a ciertos focos.<\/p>\n<p style=\"text-align: justify\">Por su parte, el patriarca Kiril ensalz\u00f3 la cooperaci\u00f3n entre la iglesia rusa y la de Antioqu\u00eda en materia humanitaria, la reconstrucci\u00f3n y rehabilitaci\u00f3n de las escuelas y hospitales en Siria, que sufrieron sabotaje y destrucci\u00f3n a manos de los terroristas.<\/p>\n<p style=\"text-align: justify\">En este marco, hizo referencia al papel ruso en la edificaci\u00f3n del complejo de Arbin y la iglesia de al-Zabadani, destacando tambi\u00e9n la necesidad de impulsar la cooperaci\u00f3n binacional en materia cultural y cient\u00edfica.<\/p>\n<p style=\"text-align: justify\">En declaraciones concedidas al reportero de SANA en Mosc\u00fa, el patriarca Yazayi inform\u00f3 haber discutido con el jerarca ruso los \u00faltimos acontecimientos en Siria, y la importancia del apoyo brindado por Rusia a Siria en los campos militares, pol\u00edticos y humanitarios.<\/p>\n<p>&nbsp;<\/p>\n<p style=\"text-align: justify\">Lynn A.<\/p>\n","protected":false},"excerpt":{"rendered":"<p>Mosc\u00fa, SANA El patriarca Yohanna X Yazayi, patriarca de Antioqu\u00eda y todo el Oriente para la comunidad cristiana greco-ortodoxa dirigi\u00f3 un llamamiento a la comunidad internacional para levantar las medidas coherictivas unilaterales impuestas a Siria. Al reunirse este mi\u00e9rcoles en Mosc\u00fa con el jerarca de la Iglesia ortodoxa rusa, patriarca Kiril, el patriarca Yazayi se\u00f1al\u00f3 &hellip;<\/p>\n","protected":false},"author":24,"featured_media":99333,"comment_status":"closed","ping_status":"closed","sticky":false,"template":"","format":"standard","meta":{"footnotes":""},"categories":[467,7541],"tags":[],"class_list":["post-99332","post","type-post","status-publish","format-standard","has-post-thumbnail","","category-siria-y-el-mundo","category-ultimas-noticias"],"_links":{"self":[{"href":"https:\/\/archive.sana.sy\/es\/index.php?rest_route=\/wp\/v2\/posts\/99332"}],"collection":[{"href":"https:\/\/archive.sana.sy\/es\/index.php?rest_route=\/wp\/v2\/posts"}],"about":[{"href":"https:\/\/archive.sana.sy\/es\/index.php?rest_route=\/wp\/v2\/types\/post"}],"author":[{"embeddable":true,"href":"https:\/\/archive.sana.sy\/es\/index.php?rest_route=\/wp\/v2\/users\/24"}],"replies":[{"embeddable":true,"href":"https:\/\/archive.sana.sy\/es\/index.php?rest_route=%2Fwp%2Fv2%2Fcomments&post=99332"}],"version-history":[{"count":0,"href":"https:\/\/archive.sana.sy\/es\/index.php?rest_route=\/wp\/v2\/posts\/99332\/revisions"}],"wp:featuredmedia":[{"embeddable":true,"href":"https:\/\/archive.sana.sy\/es\/index.php?rest_route=\/wp\/v2\/media\/99333"}],"wp:attachment":[{"href":"https:\/\/archive.sana.sy\/es\/index.php?rest_route=%2Fwp%2Fv2%2Fmedia&parent=99332"}],"wp:term":[{"taxonomy":"category","embeddable":true,"href":"https:\/\/archive.sana.sy\/es\/index.php?rest_route=%2Fwp%2Fv2%2Fcategories&post=99332"},{"taxonomy":"post_tag","embeddable":true,"href":"https:\/\/archive.sana.sy\/es\/index.php?rest_route=%2Fwp%2Fv2%2Ftags&post=99332"}],"curies":[{"name":"wp","href":"https:\/\/api.w.org\/{rel}","templated":true}]}}