{"id":99406,"date":"2019-01-31T20:49:43","date_gmt":"2019-01-31T18:49:43","guid":{"rendered":"https:\/\/www.sana.sy\/es\/?p=99406"},"modified":"2019-01-31T20:49:58","modified_gmt":"2019-01-31T18:49:58","slug":"presidente-bulgaro-siria-es-un-pais-amigo-y-debemos-apoyarla","status":"publish","type":"post","link":"https:\/\/archive.sana.sy\/es\/?p=99406","title":{"rendered":"Presidente b\u00falgaro: Siria es un pa\u00eds amigo y debemos apoyarla"},"content":{"rendered":"<p>Sof\u00eda-SANA<\/p>\n<p>El presidente de Bulgaria Rumen Radev recibi\u00f3 hoy a los jefes de las misiones diplom\u00e1ticas acreditadas en Sof\u00eda para felicitarlos por el a\u00f1o nuevo.<\/p>\n<p>Radev durante una pl\u00e1tica con el encargado de negocios de la Embajada de Siria en Bulgaria Mohamad Mohamad, dese\u00f3 al pueblo la paz y estabilidad y la prosperidad.<\/p>\n<p>Asimismo dijo que \u00a8Siria es un pa\u00eds amigo que respetamos mucho\u2026y que hist\u00f3ricas relaciones unen a ambos pa\u00edses\u00a8.<\/p>\n<p>\u00a8Comprendemos la realidad de lo que est\u00e1 ocurriendo en Siria y estamos comprometidos a apoyar a este pa\u00eds\u00a8, puntualiz\u00f3.<\/p>\n<p>El Embajador Mohamad por su parte, alab\u00f3 las posturas pol\u00edticas equilibradas adoptadas por el presidente de Bulgaria hacia Siria.<\/p>\n<p>Y.K.<\/p>\n","protected":false},"excerpt":{"rendered":"<p>Sof\u00eda-SANA El presidente de Bulgaria Rumen Radev recibi\u00f3 hoy a los jefes de las misiones diplom\u00e1ticas acreditadas en Sof\u00eda para felicitarlos por el a\u00f1o nuevo. Radev durante una pl\u00e1tica con el encargado de negocios de la Embajada de Siria en Bulgaria Mohamad Mohamad, dese\u00f3 al pueblo la paz y estabilidad y la prosperidad. Asimismo dijo &hellip;<\/p>\n","protected":false},"author":1,"featured_media":99407,"comment_status":"closed","ping_status":"closed","sticky":false,"template":"","format":"standard","meta":{"footnotes":""},"categories":[467,7541],"tags":[],"class_list":["post-99406","post","type-post","status-publish","format-standard","has-post-thumbnail","","category-siria-y-el-mundo","category-ultimas-noticias"],"_links":{"self":[{"href":"https:\/\/archive.sana.sy\/es\/index.php?rest_route=\/wp\/v2\/posts\/99406"}],"collection":[{"href":"https:\/\/archive.sana.sy\/es\/index.php?rest_route=\/wp\/v2\/posts"}],"about":[{"href":"https:\/\/archive.sana.sy\/es\/index.php?rest_route=\/wp\/v2\/types\/post"}],"author":[{"embeddable":true,"href":"https:\/\/archive.sana.sy\/es\/index.php?rest_route=\/wp\/v2\/users\/1"}],"replies":[{"embeddable":true,"href":"https:\/\/archive.sana.sy\/es\/index.php?rest_route=%2Fwp%2Fv2%2Fcomments&post=99406"}],"version-history":[{"count":0,"href":"https:\/\/archive.sana.sy\/es\/index.php?rest_route=\/wp\/v2\/posts\/99406\/revisions"}],"wp:featuredmedia":[{"embeddable":true,"href":"https:\/\/archive.sana.sy\/es\/index.php?rest_route=\/wp\/v2\/media\/99407"}],"wp:attachment":[{"href":"https:\/\/archive.sana.sy\/es\/index.php?rest_route=%2Fwp%2Fv2%2Fmedia&parent=99406"}],"wp:term":[{"taxonomy":"category","embeddable":true,"href":"https:\/\/archive.sana.sy\/es\/index.php?rest_route=%2Fwp%2Fv2%2Fcategories&post=99406"},{"taxonomy":"post_tag","embeddable":true,"href":"https:\/\/archive.sana.sy\/es\/index.php?rest_route=%2Fwp%2Fv2%2Ftags&post=99406"}],"curies":[{"name":"wp","href":"https:\/\/api.w.org\/{rel}","templated":true}]}}