{"id":99423,"date":"2019-02-01T13:00:44","date_gmt":"2019-02-01T11:00:44","guid":{"rendered":"https:\/\/www.sana.sy\/es\/?p=99423"},"modified":"2019-02-01T13:00:44","modified_gmt":"2019-02-01T11:00:44","slug":"una-sentada-de-solidaridad-en-apoyo-a-los-prisioneros-en-las-carceles-de-la-ocupacion-israeli","status":"publish","type":"post","link":"https:\/\/archive.sana.sy\/es\/?p=99423","title":{"rendered":"Una sentada de solidaridad en apoyo a los prisioneros en las c\u00e1rceles de la ocupaci\u00f3n israel\u00ed"},"content":{"rendered":"<p style=\"text-align: justify\"><span style=\"color: #800000\">Damasco, SANA<\/span><\/p>\n<p style=\"text-align: justify\">El Comit\u00e9 Popular \u00c1rabe Sirio para Apoyar al Pueblo Palestino organiz\u00f3 una sentada de solidaridad en apoyo a los prisioneros palestinos y sirios en las c\u00e1rceles de la ocupaci\u00f3n sionista. El acto tuvo lugar frente a la sede del Comit\u00e9 Internacional de la Cruz Roja en esta capital.<\/p>\n<p style=\"text-align: justify\">Los participantes expresaron su repulsa a los cr\u00edmenes del enemigo israel\u00ed contra los prisioneros, quienes son objeto de pr\u00e1cticas brutales, castigos colectivos, confinamiento en solitario y privaci\u00f3n de derechos garantizados por las leyes internacionales, lo cual pone en riesgo su vida y los impulsa a efectuar huelgas abiertas.<\/p>\n<p style=\"text-align: justify\">Los mismos exigieron a la Organizaci\u00f3n de la Cruz Roja Internacional a asumir sus responsabilidades humanitarias y morales para con los prisioneros.<\/p>\n<p style=\"text-align: justify\"><span style=\"color: #0000ff\">Dr. A. Shaban\/ Ammar H.<\/span><\/p>\n","protected":false},"excerpt":{"rendered":"<p>Damasco, SANA El Comit\u00e9 Popular \u00c1rabe Sirio para Apoyar al Pueblo Palestino organiz\u00f3 una sentada de solidaridad en apoyo a los prisioneros palestinos y sirios en las c\u00e1rceles de la ocupaci\u00f3n sionista. El acto tuvo lugar frente a la sede del Comit\u00e9 Internacional de la Cruz Roja en esta capital. Los participantes expresaron su repulsa &hellip;<\/p>\n","protected":false},"author":30,"featured_media":99424,"comment_status":"closed","ping_status":"closed","sticky":false,"template":"","format":"standard","meta":{"footnotes":""},"categories":[597,456,7541],"tags":[14220],"class_list":["post-99423","post","type-post","status-publish","format-standard","has-post-thumbnail","","category-cinta-de-noticias","category-arabe-internacional-politica","category-ultimas-noticias","tag-una-sentada-de-solidaridad-en-apoyo-a-los-prisioneros-en-las-carceles-de-la-ocupacion-israeli"],"_links":{"self":[{"href":"https:\/\/archive.sana.sy\/es\/index.php?rest_route=\/wp\/v2\/posts\/99423"}],"collection":[{"href":"https:\/\/archive.sana.sy\/es\/index.php?rest_route=\/wp\/v2\/posts"}],"about":[{"href":"https:\/\/archive.sana.sy\/es\/index.php?rest_route=\/wp\/v2\/types\/post"}],"author":[{"embeddable":true,"href":"https:\/\/archive.sana.sy\/es\/index.php?rest_route=\/wp\/v2\/users\/30"}],"replies":[{"embeddable":true,"href":"https:\/\/archive.sana.sy\/es\/index.php?rest_route=%2Fwp%2Fv2%2Fcomments&post=99423"}],"version-history":[{"count":0,"href":"https:\/\/archive.sana.sy\/es\/index.php?rest_route=\/wp\/v2\/posts\/99423\/revisions"}],"wp:featuredmedia":[{"embeddable":true,"href":"https:\/\/archive.sana.sy\/es\/index.php?rest_route=\/wp\/v2\/media\/99424"}],"wp:attachment":[{"href":"https:\/\/archive.sana.sy\/es\/index.php?rest_route=%2Fwp%2Fv2%2Fmedia&parent=99423"}],"wp:term":[{"taxonomy":"category","embeddable":true,"href":"https:\/\/archive.sana.sy\/es\/index.php?rest_route=%2Fwp%2Fv2%2Fcategories&post=99423"},{"taxonomy":"post_tag","embeddable":true,"href":"https:\/\/archive.sana.sy\/es\/index.php?rest_route=%2Fwp%2Fv2%2Ftags&post=99423"}],"curies":[{"name":"wp","href":"https:\/\/api.w.org\/{rel}","templated":true}]}}