{"id":99426,"date":"2019-02-01T13:24:23","date_gmt":"2019-02-01T11:24:23","guid":{"rendered":"https:\/\/www.sana.sy\/es\/?p=99426"},"modified":"2019-02-01T13:24:23","modified_gmt":"2019-02-01T11:24:23","slug":"orden-administrativa-pone-fin-al-servicio-militar-de-quienes-han-alcanzado-la-edad-de-42-anos","status":"publish","type":"post","link":"https:\/\/archive.sana.sy\/es\/?p=99426","title":{"rendered":"Orden administrativa pone fin al servicio militar de quienes han alcanzado la edad de 42 a\u00f1os"},"content":{"rendered":"<p style=\"text-align: justify\"><span style=\"color: #800000\">Damasco-SANA<\/span><\/p>\n<p style=\"text-align: justify\">El Comando General del Ej\u00e9rcito y las Fuerzas Armadas ha emitido una orden administrativa que cesa la reserva y la citaci\u00f3n a filas de oficiales, suboficiales e individuos que han alcanzado la edad de 42 a\u00f1os o m\u00e1s, con la excepci\u00f3n de m\u00e9dicos reservistas.<\/p>\n<p style=\"text-align: justify\">La orden administrativa pone fin a la reserva y la convocatoria de oficiales, suboficiales e individuos que tienen una tasa de discapacidad del 35%.<\/p>\n<p style=\"text-align: justify\">La orden administrativa termina la reserva de efectivos de las promociones 250, 251 y 253, con la excepci\u00f3n de los desertores y aquellos con servicio perdido por m\u00e1s de 30 d\u00edas.<\/p>\n<p style=\"text-align: justify\"><span style=\"color: #0000ff\">Ammar H.\/ Riad Sh.<\/span><\/p>\n","protected":false},"excerpt":{"rendered":"<p>Damasco-SANA El Comando General del Ej\u00e9rcito y las Fuerzas Armadas ha emitido una orden administrativa que cesa la reserva y la citaci\u00f3n a filas de oficiales, suboficiales e individuos que han alcanzado la edad de 42 a\u00f1os o m\u00e1s, con la excepci\u00f3n de m\u00e9dicos reservistas. La orden administrativa pone fin a la reserva y la &hellip;<\/p>\n","protected":false},"author":30,"featured_media":99427,"comment_status":"closed","ping_status":"closed","sticky":false,"template":"","format":"standard","meta":{"footnotes":""},"categories":[597,476,7541],"tags":[14221],"class_list":["post-99426","post","type-post","status-publish","format-standard","has-post-thumbnail","","category-cinta-de-noticias","category-locales","category-ultimas-noticias","tag-orden-administrativa-pone-fin-al-servicio-militar-de-quienes-han-alcanzado-la-edad-de-42-anos"],"_links":{"self":[{"href":"https:\/\/archive.sana.sy\/es\/index.php?rest_route=\/wp\/v2\/posts\/99426"}],"collection":[{"href":"https:\/\/archive.sana.sy\/es\/index.php?rest_route=\/wp\/v2\/posts"}],"about":[{"href":"https:\/\/archive.sana.sy\/es\/index.php?rest_route=\/wp\/v2\/types\/post"}],"author":[{"embeddable":true,"href":"https:\/\/archive.sana.sy\/es\/index.php?rest_route=\/wp\/v2\/users\/30"}],"replies":[{"embeddable":true,"href":"https:\/\/archive.sana.sy\/es\/index.php?rest_route=%2Fwp%2Fv2%2Fcomments&post=99426"}],"version-history":[{"count":0,"href":"https:\/\/archive.sana.sy\/es\/index.php?rest_route=\/wp\/v2\/posts\/99426\/revisions"}],"wp:featuredmedia":[{"embeddable":true,"href":"https:\/\/archive.sana.sy\/es\/index.php?rest_route=\/wp\/v2\/media\/99427"}],"wp:attachment":[{"href":"https:\/\/archive.sana.sy\/es\/index.php?rest_route=%2Fwp%2Fv2%2Fmedia&parent=99426"}],"wp:term":[{"taxonomy":"category","embeddable":true,"href":"https:\/\/archive.sana.sy\/es\/index.php?rest_route=%2Fwp%2Fv2%2Fcategories&post=99426"},{"taxonomy":"post_tag","embeddable":true,"href":"https:\/\/archive.sana.sy\/es\/index.php?rest_route=%2Fwp%2Fv2%2Ftags&post=99426"}],"curies":[{"name":"wp","href":"https:\/\/api.w.org\/{rel}","templated":true}]}}