{"id":99477,"date":"2019-02-02T21:45:08","date_gmt":"2019-02-02T19:45:08","guid":{"rendered":"https:\/\/www.sana.sy\/es\/?p=99477"},"modified":"2023-01-10T15:16:02","modified_gmt":"2023-01-10T13:16:02","slug":"35-empresas-nacionales-participan-en-la-feria-emessa","status":"publish","type":"post","link":"https:\/\/archive.sana.sy\/es\/?p=99477","title":{"rendered":"35 empresas nacionales participan en la Feria Emessa"},"content":{"rendered":"<p><span style=\"color: #800000;\">Homs, SANA<\/span><\/p>\n<p style=\"text-align: justify;\">Con la participaci\u00f3n de 35 empresas nacionales, han comenzado los eventos de la Feria Emessa en Homs, organizada por la C\u00e1mara de Comercio de Homs, en cooperaci\u00f3n con la empresa Qamar de Ferias y Convenciones.<\/p>\n<p style=\"text-align: justify;\">La feria abarca diversos productos alimentarios y detergentes, as\u00ed como algunos cosm\u00e9ticos e insumos para la vida diaria de los ciudadanos.<\/p>\n<p style=\"text-align: justify;\">El responsable del pabell\u00f3n de la empresa Farzat, Nihad Farzat, dijo a la reportera de SANA que la participaci\u00f3n en la feria es rentable econ\u00f3micamente pues anima a los ciudadanos a comprar sus necesidades a precios competitivos.<\/p>\n<p><span style=\"color: #0000ff;\">Riad Sh.\/ R. Rashed\u00a0<\/span><\/p>\n<div id='gallery-1' class='gallery galleryid-99477 gallery-columns-3 gallery-size-thumbnail'><figure class='gallery-item'>\n\t\t\t<div class='gallery-icon landscape'>\n\t\t\t\t<a href='https:\/\/archive.sana.sy\/es\/wp-content\/uploads\/2019\/02\/21-1.jpg'><img loading=\"lazy\" decoding=\"async\" width=\"150\" height=\"96\" src=\"https:\/\/archive.sana.sy\/es\/wp-content\/uploads\/2019\/02\/21-1-150x96.jpg\" class=\"attachment-thumbnail size-thumbnail\" alt=\"\" srcset=\"https:\/\/archive.sana.sy\/es\/wp-content\/uploads\/2019\/02\/21-1-150x96.jpg 150w, https:\/\/archive.sana.sy\/es\/wp-content\/uploads\/2019\/02\/21-1-300x192.jpg 300w, https:\/\/archive.sana.sy\/es\/wp-content\/uploads\/2019\/02\/21-1.jpg 660w\" sizes=\"(max-width: 150px) 100vw, 150px\" \/><\/a>\n\t\t\t<\/div><\/figure><figure class='gallery-item'>\n\t\t\t<div class='gallery-icon landscape'>\n\t\t\t\t<a href='https:\/\/archive.sana.sy\/es\/wp-content\/uploads\/2019\/02\/22-8.jpg'><img loading=\"lazy\" decoding=\"async\" width=\"150\" height=\"98\" src=\"https:\/\/archive.sana.sy\/es\/wp-content\/uploads\/2019\/02\/22-8-150x98.jpg\" class=\"attachment-thumbnail size-thumbnail\" alt=\"\" srcset=\"https:\/\/archive.sana.sy\/es\/wp-content\/uploads\/2019\/02\/22-8-150x98.jpg 150w, https:\/\/archive.sana.sy\/es\/wp-content\/uploads\/2019\/02\/22-8-300x197.jpg 300w, https:\/\/archive.sana.sy\/es\/wp-content\/uploads\/2019\/02\/22-8-310x205.jpg 310w, https:\/\/archive.sana.sy\/es\/wp-content\/uploads\/2019\/02\/22-8.jpg 660w\" sizes=\"(max-width: 150px) 100vw, 150px\" \/><\/a>\n\t\t\t<\/div><\/figure><figure class='gallery-item'>\n\t\t\t<div class='gallery-icon landscape'>\n\t\t\t\t<a href='https:\/\/archive.sana.sy\/es\/wp-content\/uploads\/2019\/02\/23.jpg'><img loading=\"lazy\" decoding=\"async\" width=\"150\" height=\"90\" src=\"https:\/\/archive.sana.sy\/es\/wp-content\/uploads\/2019\/02\/23-150x90.jpg\" class=\"attachment-thumbnail size-thumbnail\" alt=\"\" srcset=\"https:\/\/archive.sana.sy\/es\/wp-content\/uploads\/2019\/02\/23-150x90.jpg 150w, https:\/\/archive.sana.sy\/es\/wp-content\/uploads\/2019\/02\/23-300x181.jpg 300w, https:\/\/archive.sana.sy\/es\/wp-content\/uploads\/2019\/02\/23.jpg 660w\" sizes=\"(max-width: 150px) 100vw, 150px\" \/><\/a>\n\t\t\t<\/div><\/figure><figure class='gallery-item'>\n\t\t\t<div class='gallery-icon landscape'>\n\t\t\t\t<a href='https:\/\/archive.sana.sy\/es\/wp-content\/uploads\/2019\/02\/24.jpg'><img loading=\"lazy\" decoding=\"async\" width=\"150\" height=\"97\" src=\"https:\/\/archive.sana.sy\/es\/wp-content\/uploads\/2019\/02\/24-150x97.jpg\" class=\"attachment-thumbnail size-thumbnail\" alt=\"\" srcset=\"https:\/\/archive.sana.sy\/es\/wp-content\/uploads\/2019\/02\/24-150x97.jpg 150w, https:\/\/archive.sana.sy\/es\/wp-content\/uploads\/2019\/02\/24-300x195.jpg 300w, https:\/\/archive.sana.sy\/es\/wp-content\/uploads\/2019\/02\/24.jpg 660w\" sizes=\"(max-width: 150px) 100vw, 150px\" \/><\/a>\n\t\t\t<\/div><\/figure><figure class='gallery-item'>\n\t\t\t<div class='gallery-icon landscape'>\n\t\t\t\t<a href='https:\/\/archive.sana.sy\/es\/wp-content\/uploads\/2019\/02\/25-2.jpg'><img loading=\"lazy\" decoding=\"async\" width=\"150\" height=\"99\" src=\"https:\/\/archive.sana.sy\/es\/wp-content\/uploads\/2019\/02\/25-2-150x99.jpg\" class=\"attachment-thumbnail size-thumbnail\" alt=\"\" srcset=\"https:\/\/archive.sana.sy\/es\/wp-content\/uploads\/2019\/02\/25-2-150x99.jpg 150w, https:\/\/archive.sana.sy\/es\/wp-content\/uploads\/2019\/02\/25-2-300x198.jpg 300w, https:\/\/archive.sana.sy\/es\/wp-content\/uploads\/2019\/02\/25-2-310x205.jpg 310w, https:\/\/archive.sana.sy\/es\/wp-content\/uploads\/2019\/02\/25-2.jpg 660w\" sizes=\"(max-width: 150px) 100vw, 150px\" \/><\/a>\n\t\t\t<\/div><\/figure><figure class='gallery-item'>\n\t\t\t<div class='gallery-icon landscape'>\n\t\t\t\t<a href='https:\/\/archive.sana.sy\/es\/wp-content\/uploads\/2019\/02\/26.jpg'><img loading=\"lazy\" decoding=\"async\" width=\"150\" height=\"100\" src=\"https:\/\/archive.sana.sy\/es\/wp-content\/uploads\/2019\/02\/26-150x100.jpg\" class=\"attachment-thumbnail size-thumbnail\" alt=\"\" srcset=\"https:\/\/archive.sana.sy\/es\/wp-content\/uploads\/2019\/02\/26-150x100.jpg 150w, https:\/\/archive.sana.sy\/es\/wp-content\/uploads\/2019\/02\/26-300x200.jpg 300w, https:\/\/archive.sana.sy\/es\/wp-content\/uploads\/2019\/02\/26-310x205.jpg 310w, https:\/\/archive.sana.sy\/es\/wp-content\/uploads\/2019\/02\/26.jpg 660w\" sizes=\"(max-width: 150px) 100vw, 150px\" \/><\/a>\n\t\t\t<\/div><\/figure>\n\t\t<\/div>\n\n<p>&nbsp;<\/p>\n<p>&nbsp;<\/p>\n","protected":false},"excerpt":{"rendered":"<p>Homs, SANA Con la participaci\u00f3n de 35 empresas nacionales, han comenzado los eventos de la Feria Emessa en Homs, organizada por la C\u00e1mara de Comercio de Homs, en cooperaci\u00f3n con la empresa Qamar de Ferias y Convenciones. La feria abarca diversos productos alimentarios y detergentes, as\u00ed como algunos cosm\u00e9ticos e insumos para la vida diaria &hellip;<\/p>\n","protected":false},"author":31,"featured_media":99478,"comment_status":"closed","ping_status":"closed","sticky":false,"template":"","format":"standard","meta":{"footnotes":""},"categories":[597,485,7541],"tags":[14235],"class_list":["post-99477","post","type-post","status-publish","format-standard","has-post-thumbnail","","category-cinta-de-noticias","category-informes-negocios-y-finanzas","category-ultimas-noticias","tag-35-empresas-nacionales-participan-en-la-feria-emessa"],"_links":{"self":[{"href":"https:\/\/archive.sana.sy\/es\/index.php?rest_route=\/wp\/v2\/posts\/99477"}],"collection":[{"href":"https:\/\/archive.sana.sy\/es\/index.php?rest_route=\/wp\/v2\/posts"}],"about":[{"href":"https:\/\/archive.sana.sy\/es\/index.php?rest_route=\/wp\/v2\/types\/post"}],"author":[{"embeddable":true,"href":"https:\/\/archive.sana.sy\/es\/index.php?rest_route=\/wp\/v2\/users\/31"}],"replies":[{"embeddable":true,"href":"https:\/\/archive.sana.sy\/es\/index.php?rest_route=%2Fwp%2Fv2%2Fcomments&post=99477"}],"version-history":[{"count":0,"href":"https:\/\/archive.sana.sy\/es\/index.php?rest_route=\/wp\/v2\/posts\/99477\/revisions"}],"wp:featuredmedia":[{"embeddable":true,"href":"https:\/\/archive.sana.sy\/es\/index.php?rest_route=\/wp\/v2\/media\/99478"}],"wp:attachment":[{"href":"https:\/\/archive.sana.sy\/es\/index.php?rest_route=%2Fwp%2Fv2%2Fmedia&parent=99477"}],"wp:term":[{"taxonomy":"category","embeddable":true,"href":"https:\/\/archive.sana.sy\/es\/index.php?rest_route=%2Fwp%2Fv2%2Fcategories&post=99477"},{"taxonomy":"post_tag","embeddable":true,"href":"https:\/\/archive.sana.sy\/es\/index.php?rest_route=%2Fwp%2Fv2%2Ftags&post=99477"}],"curies":[{"name":"wp","href":"https:\/\/api.w.org\/{rel}","templated":true}]}}