{"id":99583,"date":"2019-02-04T10:01:47","date_gmt":"2019-02-04T08:01:47","guid":{"rendered":"https:\/\/www.sana.sy\/es\/?p=99583"},"modified":"2023-01-10T15:16:02","modified_gmt":"2023-01-10T13:16:02","slug":"siria-participa-en-la-feria-internacional-del-libro-en-el-cairo","status":"publish","type":"post","link":"https:\/\/archive.sana.sy\/es\/?p=99583","title":{"rendered":"Siria participa en la Feria Internacional del Libro en El Cairo"},"content":{"rendered":"<p style=\"text-align: justify\"><span style=\"color: #800000\">El Cairo, SANA<\/span><\/p>\n<p style=\"text-align: justify\">Los representantes de las editoriales sirias participantes en la Feria Internacional del Libro en El Cairo afirmaron que a pesar de la guerra impuesta desde hace ocho a\u00f1os, las editoriales sirias mantuvieron sin interrupci\u00f3n su participaci\u00f3n en todas las actividades culturales \u00e1rabes e internacionales para transmitir la voz de Siria al mundo.<\/p>\n<p style=\"text-align: justify\">Ghassan Rabie de la editorial &#8220;Primavera&#8221; dijo que &#8220;la guerra afect\u00f3 las capacidades financieras y la distribuci\u00f3n de su editorial, pero resisti\u00f3 a las dif\u00edciles circunstancias y continu\u00f3 trabajando&#8221;.<\/p>\n<p style=\"text-align: justify\">Por su parte, Haitham Ghazali, de la editorial &#8220;Ninawa&#8221;, dijo que la Feria del Libro de El Cairo es una plataforma cultural, en la que las editoriales sirias insisten en participar para crear conciencia y conocimiento a trav\u00e9s de los libros sirios.<\/p>\n<p style=\"text-align: justify\">La 49 edici\u00f3n de la Feria Internacional del Libro de El Cairo inici\u00f3 el 27 de enero y durar\u00e1 hasta el 10 de febrero. Participan en el evento 950 editoriales de 35 pa\u00edses.<\/p>\n<p style=\"text-align: justify\"><span style=\"color: #0000ff\">Ammar H.\/ F. Marouf<\/span><\/p>\n","protected":false},"excerpt":{"rendered":"<p>El Cairo, SANA Los representantes de las editoriales sirias participantes en la Feria Internacional del Libro en El Cairo afirmaron que a pesar de la guerra impuesta desde hace ocho a\u00f1os, las editoriales sirias mantuvieron sin interrupci\u00f3n su participaci\u00f3n en todas las actividades culturales \u00e1rabes e internacionales para transmitir la voz de Siria al mundo. &hellip;<\/p>\n","protected":false},"author":30,"featured_media":99584,"comment_status":"closed","ping_status":"closed","sticky":false,"template":"","format":"standard","meta":{"footnotes":""},"categories":[597,485,7541],"tags":[14251],"class_list":["post-99583","post","type-post","status-publish","format-standard","has-post-thumbnail","","category-cinta-de-noticias","category-informes-negocios-y-finanzas","category-ultimas-noticias","tag-siria-participa-en-la-feria-internacional-del-libro-en-el-cairo"],"_links":{"self":[{"href":"https:\/\/archive.sana.sy\/es\/index.php?rest_route=\/wp\/v2\/posts\/99583"}],"collection":[{"href":"https:\/\/archive.sana.sy\/es\/index.php?rest_route=\/wp\/v2\/posts"}],"about":[{"href":"https:\/\/archive.sana.sy\/es\/index.php?rest_route=\/wp\/v2\/types\/post"}],"author":[{"embeddable":true,"href":"https:\/\/archive.sana.sy\/es\/index.php?rest_route=\/wp\/v2\/users\/30"}],"replies":[{"embeddable":true,"href":"https:\/\/archive.sana.sy\/es\/index.php?rest_route=%2Fwp%2Fv2%2Fcomments&post=99583"}],"version-history":[{"count":0,"href":"https:\/\/archive.sana.sy\/es\/index.php?rest_route=\/wp\/v2\/posts\/99583\/revisions"}],"wp:featuredmedia":[{"embeddable":true,"href":"https:\/\/archive.sana.sy\/es\/index.php?rest_route=\/wp\/v2\/media\/99584"}],"wp:attachment":[{"href":"https:\/\/archive.sana.sy\/es\/index.php?rest_route=%2Fwp%2Fv2%2Fmedia&parent=99583"}],"wp:term":[{"taxonomy":"category","embeddable":true,"href":"https:\/\/archive.sana.sy\/es\/index.php?rest_route=%2Fwp%2Fv2%2Fcategories&post=99583"},{"taxonomy":"post_tag","embeddable":true,"href":"https:\/\/archive.sana.sy\/es\/index.php?rest_route=%2Fwp%2Fv2%2Ftags&post=99583"}],"curies":[{"name":"wp","href":"https:\/\/api.w.org\/{rel}","templated":true}]}}